{"id":7969,"date":"2024-07-31T13:54:08","date_gmt":"2024-07-31T13:54:08","guid":{"rendered":"https:\/\/rierge.com\/?p=7969"},"modified":"2026-02-04T11:25:53","modified_gmt":"2026-02-04T11:25:53","slug":"almacen-vertical-chapa","status":"publish","type":"post","link":"https:\/\/rierge.com\/pb\/2024\/07\/31\/almacen-vertical-chapa\/","title":{"rendered":"ARMAZ\u00c9M DE CHAPA VERTICAL"},"content":{"rendered":"<p><\/p>\n<p style=\"text-align: right;\"><span style=\"color: #999999;\">20\/07\/2024<\/span><\/p>\n<p>Neste m\u00eas de julho foi-nos entregue mais uma componente do investimento que inici\u00e1mos em 2023, \u00e9 um armaz\u00e9m vertical para armazenamento de formatos de chapa. <\/span><\/span><span class=\"jCAhz ChMk0b\"><span class=\"ryNqvb\">\u00c9 composto por 24 gavetas com capacidade de 3000 Kg cada. <\/span><\/span><span class=\"jCAhz ChMk0b\"><span class=\"ryNqvb\">Com este investimento conseguimos ganhar espa\u00e7o no departamento de soldadura, ter maior controlo de stocks, melhor gest\u00e3o dos cortes e melhor\u00e1mos as condi\u00e7\u00f5es de trabalho reduzindo os riscos de acidentes no manuseamento das chapas.<\/span><\/span><\/span><\/p>\n<p><img loading=\"lazy\" decoding=\"async\" class=\"alignleft wp-image-7966\" src=\"https:\/\/rierge.com\/wp-content\/uploads\/2024\/07\/ES-H-Financiado-por-la-UE-PANTONE.jpg\" alt=\"\" width=\"405\" height=\"85\" data-id=\"7966\" srcset=\"https:\/\/rierge.com\/wp-content\/uploads\/2024\/07\/ES-H-Financiado-por-la-UE-PANTONE.jpg 1300w, https:\/\/rierge.com\/wp-content\/uploads\/2024\/07\/ES-H-Financiado-por-la-UE-PANTONE-350x74.jpg 350w, https:\/\/rierge.com\/wp-content\/uploads\/2024\/07\/ES-H-Financiado-por-la-UE-PANTONE-768x161.jpg 768w, https:\/\/rierge.com\/wp-content\/uploads\/2024\/07\/ES-H-Financiado-por-la-UE-PANTONE-125x26.jpg 125w\" sizes=\"auto, (max-width: 405px) 100vw, 405px\" \/><\/p>","protected":false},"excerpt":{"rendered":"<p>20\/07\/2024 Neste m\u00eas de julho foi-nos entregue mais uma componente do investimento que inici\u00e1mos em 2023, \u00e9 um armaz\u00e9m vertical para armazenamento de formatos de chapa. \u00c9 composto por 24 gavetas com capacidade de 3000 Kg cada. Com este investimento conseguimos ganhar espa\u00e7o no departamento de soldadura, ter maior controlo de stocks, melhor gest\u00e3o dos [&hellip;]<\/p>\n","protected":false},"author":1,"featured_media":7979,"comment_status":"closed","ping_status":"closed","sticky":false,"template":"","format":"standard","meta":{"footnotes":""},"categories":[1],"tags":[],"class_list":["post-7969","post","type-post","status-publish","format-standard","has-post-thumbnail","hentry","category-sin-categoria"],"yoast_head":"<!-- This site is optimized with the Yoast SEO Premium plugin v18.4 (Yoast SEO v24.9) - https:\/\/yoast.com\/wordpress\/plugins\/seo\/ -->\n<title>ARMAZ\u00c9M DE CHAPA VERTICAL - RIERGE<\/title>\n<meta name=\"description\" content=\"20\/07\/2024 Este mes de Julio, nos ha sido entregado otro componente de la inversi\u00f3n que iniciamos en el 2023, se trata de un almac\u00e9n vertical, para el\" \/>\n<meta name=\"robots\" content=\"index, follow, max-snippet:-1, max-image-preview:large, max-video-preview:-1\" \/>\n<link rel=\"canonical\" href=\"https:\/\/rierge.com\/2024\/07\/31\/almacen-vertical-chapa\/\" \/>\n<meta property=\"og:locale\" content=\"pt_BR\" \/>\n<meta property=\"og:type\" content=\"article\" \/>\n<meta property=\"og:title\" content=\"[:es]ALMACEN VERTICAL CHAPA[:ca]MAGATZEM VERTICAL XAPA[:en]VERTICAL SHEET METAL WAREHOUSE[:fr]MAGASSIN VERTICAL DE T\u00d4LES[:pb]ARMAZ\u00c9M DE CHAPA VERTICAL[:]\" \/>\n<meta property=\"og:description\" content=\"20\/07\/2024 Este mes de Julio, nos ha sido entregado otro componente de la inversi\u00f3n que iniciamos en el 2023, se trata de un almac\u00e9n vertical, para el\" \/>\n<meta property=\"og:url\" content=\"https:\/\/rierge.com\/2024\/07\/31\/almacen-vertical-chapa\/\" \/>\n<meta property=\"og:site_name\" content=\"RIERGE\" \/>\n<meta property=\"article:published_time\" content=\"2024-07-31T13:54:08+00:00\" \/>\n<meta property=\"article:modified_time\" content=\"2026-02-04T11:25:53+00:00\" \/>\n<meta property=\"og:image\" content=\"https:\/\/rierge.com\/wp-content\/uploads\/2024\/03\/IMG_9646.jpg\" \/>\n\t<meta property=\"og:image:width\" content=\"1300\" \/>\n\t<meta property=\"og:image:height\" content=\"975\" \/>\n\t<meta property=\"og:image:type\" content=\"image\/jpeg\" \/>\n<meta name=\"author\" content=\"admin\" \/>\n<meta name=\"twitter:card\" content=\"summary_large_image\" \/>\n<meta name=\"twitter:label1\" content=\"Escrito por\" \/>\n\t<meta name=\"twitter:data1\" content=\"admin\" \/>\n\t<meta name=\"twitter:label2\" content=\"Est. tempo de leitura\" \/>\n\t<meta name=\"twitter:data2\" content=\"1 minuto\" \/>\n<script type=\"application\/ld+json\" class=\"yoast-schema-graph\">{\"@context\":\"https:\/\/schema.org\",\"@graph\":[{\"@type\":\"Article\",\"@id\":\"https:\/\/rierge.com\/2024\/07\/31\/almacen-vertical-chapa\/#article\",\"isPartOf\":{\"@id\":\"https:\/\/rierge.com\/2024\/07\/31\/almacen-vertical-chapa\/\"},\"author\":{\"name\":\"admin\",\"@id\":\"https:\/\/rierge.com\/en\/#\/schema\/person\/a700fc52e66409a731fa608758a0a708\"},\"headline\":\"ARMAZ\u00c9M DE CHAPA VERTICAL\",\"datePublished\":\"2024-07-31T13:54:08+00:00\",\"dateModified\":\"2026-02-04T11:25:53+00:00\",\"mainEntityOfPage\":{\"@id\":\"https:\/\/rierge.com\/2024\/07\/31\/almacen-vertical-chapa\/\"},\"wordCount\":431,\"publisher\":{\"@id\":\"https:\/\/rierge.com\/en\/#organization\"},\"image\":{\"@id\":\"https:\/\/rierge.com\/2024\/07\/31\/almacen-vertical-chapa\/#primaryimage\"},\"thumbnailUrl\":\"https:\/\/rierge.com\/wp-content\/uploads\/2024\/03\/IMG_9646.jpg\",\"articleSection\":[\"Sin categor\u00eda\"],\"inLanguage\":\"pt-BR\"},{\"@type\":\"WebPage\",\"@id\":\"https:\/\/rierge.com\/2024\/07\/31\/almacen-vertical-chapa\/\",\"url\":\"https:\/\/rierge.com\/2024\/07\/31\/almacen-vertical-chapa\/\",\"name\":\"[:es]ALMACEN VERTICAL CHAPA[:ca]MAGATZEM VERTICAL XAPA[:en]VERTICAL SHEET METAL WAREHOUSE[:fr]MAGASSIN VERTICAL DE T\u00d4LES[:pb]ARMAZ\u00c9M DE CHAPA VERTICAL[:] - RIERGE\",\"isPartOf\":{\"@id\":\"https:\/\/rierge.com\/en\/#website\"},\"primaryImageOfPage\":{\"@id\":\"https:\/\/rierge.com\/2024\/07\/31\/almacen-vertical-chapa\/#primaryimage\"},\"image\":{\"@id\":\"https:\/\/rierge.com\/2024\/07\/31\/almacen-vertical-chapa\/#primaryimage\"},\"thumbnailUrl\":\"https:\/\/rierge.com\/wp-content\/uploads\/2024\/03\/IMG_9646.jpg\",\"datePublished\":\"2024-07-31T13:54:08+00:00\",\"dateModified\":\"2026-02-04T11:25:53+00:00\",\"description\":\"20\/07\/2024 Este mes de Julio, nos ha sido entregado otro componente de la inversi\u00f3n que iniciamos en el 2023, se trata de un almac\u00e9n vertical, para el\",\"breadcrumb\":{\"@id\":\"https:\/\/rierge.com\/2024\/07\/31\/almacen-vertical-chapa\/#breadcrumb\"},\"inLanguage\":\"pt-BR\",\"potentialAction\":[{\"@type\":\"ReadAction\",\"target\":[\"https:\/\/rierge.com\/2024\/07\/31\/almacen-vertical-chapa\/\"]}]},{\"@type\":\"ImageObject\",\"inLanguage\":\"pt-BR\",\"@id\":\"https:\/\/rierge.com\/2024\/07\/31\/almacen-vertical-chapa\/#primaryimage\",\"url\":\"https:\/\/rierge.com\/wp-content\/uploads\/2024\/03\/IMG_9646.jpg\",\"contentUrl\":\"https:\/\/rierge.com\/wp-content\/uploads\/2024\/03\/IMG_9646.jpg\",\"width\":1300,\"height\":975},{\"@type\":\"BreadcrumbList\",\"@id\":\"https:\/\/rierge.com\/2024\/07\/31\/almacen-vertical-chapa\/#breadcrumb\",\"itemListElement\":[{\"@type\":\"ListItem\",\"position\":1,\"name\":\"Home\",\"item\":\"https:\/\/rierge.com\/\"},{\"@type\":\"ListItem\",\"position\":2,\"name\":\"ALMACEN VERTICAL CHAPA\"}]},{\"@type\":\"WebSite\",\"@id\":\"https:\/\/rierge.com\/en\/#website\",\"url\":\"https:\/\/rierge.com\/en\/\",\"name\":\"RIERGE\",\"description\":\"\",\"publisher\":{\"@id\":\"https:\/\/rierge.com\/en\/#organization\"},\"potentialAction\":[{\"@type\":\"SearchAction\",\"target\":{\"@type\":\"EntryPoint\",\"urlTemplate\":\"https:\/\/rierge.com\/en\/?s={search_term_string}\"},\"query-input\":{\"@type\":\"PropertyValueSpecification\",\"valueRequired\":true,\"valueName\":\"search_term_string\"}}],\"inLanguage\":\"pt-BR\"},{\"@type\":\"Organization\",\"@id\":\"https:\/\/rierge.com\/en\/#organization\",\"name\":\"Rierge\",\"url\":\"https:\/\/rierge.com\/en\/\",\"logo\":{\"@type\":\"ImageObject\",\"inLanguage\":\"pt-BR\",\"@id\":\"https:\/\/rierge.com\/en\/#\/schema\/logo\/image\/\",\"url\":\"https:\/\/rierge.com\/wp-content\/uploads\/2017\/06\/logo-rierge-desde-1954.jpg\",\"contentUrl\":\"https:\/\/rierge.com\/wp-content\/uploads\/2017\/06\/logo-rierge-desde-1954.jpg\",\"width\":180,\"height\":50,\"caption\":\"Rierge\"},\"image\":{\"@id\":\"https:\/\/rierge.com\/en\/#\/schema\/logo\/image\/\"}},{\"@type\":\"Person\",\"@id\":\"https:\/\/rierge.com\/en\/#\/schema\/person\/a700fc52e66409a731fa608758a0a708\",\"name\":\"admin\",\"image\":{\"@type\":\"ImageObject\",\"inLanguage\":\"pt-BR\",\"@id\":\"https:\/\/rierge.com\/en\/#\/schema\/person\/image\/\",\"url\":\"https:\/\/secure.gravatar.com\/avatar\/ae6430de1af9824c021c1ada823187a8?s=96&d=mm&r=g\",\"contentUrl\":\"https:\/\/secure.gravatar.com\/avatar\/ae6430de1af9824c021c1ada823187a8?s=96&d=mm&r=g\",\"caption\":\"admin\"},\"url\":\"https:\/\/rierge.com\/pb\/author\/admin\/\"}]}<\/script>\n<!-- \/ Yoast SEO Premium plugin. -->","yoast_head_json":{"title":"[:es]ALMACEN VERTICAL CHAPA[:ca]MAGATZEM VERTICAL XAPA[:en]VERTICAL SHEET METAL WAREHOUSE[:fr]MAGASSIN VERTICAL DE T\u00d4LES[:pb]ARMAZ\u00c9M DE CHAPA VERTICAL[:] - RIERGE","description":"20\/07\/2024 Este mes de Julio, nos ha sido entregado otro componente de la inversi\u00f3n que iniciamos en el 2023, se trata de un almac\u00e9n vertical, para el","robots":{"index":"index","follow":"follow","max-snippet":"max-snippet:-1","max-image-preview":"max-image-preview:large","max-video-preview":"max-video-preview:-1"},"canonical":"https:\/\/rierge.com\/2024\/07\/31\/almacen-vertical-chapa\/","og_locale":"pt_BR","og_type":"article","og_title":"[:es]ALMACEN VERTICAL CHAPA[:ca]MAGATZEM VERTICAL XAPA[:en]VERTICAL SHEET METAL WAREHOUSE[:fr]MAGASSIN VERTICAL DE T\u00d4LES[:pb]ARMAZ\u00c9M DE CHAPA VERTICAL[:]","og_description":"20\/07\/2024 Este mes de Julio, nos ha sido entregado otro componente de la inversi\u00f3n que iniciamos en el 2023, se trata de un almac\u00e9n vertical, para el","og_url":"https:\/\/rierge.com\/2024\/07\/31\/almacen-vertical-chapa\/","og_site_name":"RIERGE","article_published_time":"2024-07-31T13:54:08+00:00","article_modified_time":"2026-02-04T11:25:53+00:00","og_image":[{"width":1300,"height":975,"url":"https:\/\/rierge.com\/wp-content\/uploads\/2024\/03\/IMG_9646.jpg","type":"image\/jpeg"}],"author":"admin","twitter_card":"summary_large_image","twitter_misc":{"Escrito por":"admin","Est. tempo de leitura":"1 minuto"},"schema":{"@context":"https:\/\/schema.org","@graph":[{"@type":"Article","@id":"https:\/\/rierge.com\/2024\/07\/31\/almacen-vertical-chapa\/#article","isPartOf":{"@id":"https:\/\/rierge.com\/2024\/07\/31\/almacen-vertical-chapa\/"},"author":{"name":"admin","@id":"https:\/\/rierge.com\/en\/#\/schema\/person\/a700fc52e66409a731fa608758a0a708"},"headline":"ARMAZ\u00c9M DE CHAPA VERTICAL","datePublished":"2024-07-31T13:54:08+00:00","dateModified":"2026-02-04T11:25:53+00:00","mainEntityOfPage":{"@id":"https:\/\/rierge.com\/2024\/07\/31\/almacen-vertical-chapa\/"},"wordCount":431,"publisher":{"@id":"https:\/\/rierge.com\/en\/#organization"},"image":{"@id":"https:\/\/rierge.com\/2024\/07\/31\/almacen-vertical-chapa\/#primaryimage"},"thumbnailUrl":"https:\/\/rierge.com\/wp-content\/uploads\/2024\/03\/IMG_9646.jpg","articleSection":["Sin categor\u00eda"],"inLanguage":"pt-BR"},{"@type":"WebPage","@id":"https:\/\/rierge.com\/2024\/07\/31\/almacen-vertical-chapa\/","url":"https:\/\/rierge.com\/2024\/07\/31\/almacen-vertical-chapa\/","name":"[:es]ALMACEN VERTICAL CHAPA[:ca]MAGATZEM VERTICAL XAPA[:en]VERTICAL SHEET METAL WAREHOUSE[:fr]MAGASSIN VERTICAL DE T\u00d4LES[:pb]ARMAZ\u00c9M DE CHAPA VERTICAL[:] - RIERGE","isPartOf":{"@id":"https:\/\/rierge.com\/en\/#website"},"primaryImageOfPage":{"@id":"https:\/\/rierge.com\/2024\/07\/31\/almacen-vertical-chapa\/#primaryimage"},"image":{"@id":"https:\/\/rierge.com\/2024\/07\/31\/almacen-vertical-chapa\/#primaryimage"},"thumbnailUrl":"https:\/\/rierge.com\/wp-content\/uploads\/2024\/03\/IMG_9646.jpg","datePublished":"2024-07-31T13:54:08+00:00","dateModified":"2026-02-04T11:25:53+00:00","description":"20\/07\/2024 Este mes de Julio, nos ha sido entregado otro componente de la inversi\u00f3n que iniciamos en el 2023, se trata de un almac\u00e9n vertical, para el","breadcrumb":{"@id":"https:\/\/rierge.com\/2024\/07\/31\/almacen-vertical-chapa\/#breadcrumb"},"inLanguage":"pt-BR","potentialAction":[{"@type":"ReadAction","target":["https:\/\/rierge.com\/2024\/07\/31\/almacen-vertical-chapa\/"]}]},{"@type":"ImageObject","inLanguage":"pt-BR","@id":"https:\/\/rierge.com\/2024\/07\/31\/almacen-vertical-chapa\/#primaryimage","url":"https:\/\/rierge.com\/wp-content\/uploads\/2024\/03\/IMG_9646.jpg","contentUrl":"https:\/\/rierge.com\/wp-content\/uploads\/2024\/03\/IMG_9646.jpg","width":1300,"height":975},{"@type":"BreadcrumbList","@id":"https:\/\/rierge.com\/2024\/07\/31\/almacen-vertical-chapa\/#breadcrumb","itemListElement":[{"@type":"ListItem","position":1,"name":"Home","item":"https:\/\/rierge.com\/"},{"@type":"ListItem","position":2,"name":"ALMACEN VERTICAL CHAPA"}]},{"@type":"WebSite","@id":"https:\/\/rierge.com\/en\/#website","url":"https:\/\/rierge.com\/en\/","name":"RIERGE","description":"","publisher":{"@id":"https:\/\/rierge.com\/en\/#organization"},"potentialAction":[{"@type":"SearchAction","target":{"@type":"EntryPoint","urlTemplate":"https:\/\/rierge.com\/en\/?s={search_term_string}"},"query-input":{"@type":"PropertyValueSpecification","valueRequired":true,"valueName":"search_term_string"}}],"inLanguage":"pt-BR"},{"@type":"Organization","@id":"https:\/\/rierge.com\/en\/#organization","name":"Rierge","url":"https:\/\/rierge.com\/en\/","logo":{"@type":"ImageObject","inLanguage":"pt-BR","@id":"https:\/\/rierge.com\/en\/#\/schema\/logo\/image\/","url":"https:\/\/rierge.com\/wp-content\/uploads\/2017\/06\/logo-rierge-desde-1954.jpg","contentUrl":"https:\/\/rierge.com\/wp-content\/uploads\/2017\/06\/logo-rierge-desde-1954.jpg","width":180,"height":50,"caption":"Rierge"},"image":{"@id":"https:\/\/rierge.com\/en\/#\/schema\/logo\/image\/"}},{"@type":"Person","@id":"https:\/\/rierge.com\/en\/#\/schema\/person\/a700fc52e66409a731fa608758a0a708","name":"admin","image":{"@type":"ImageObject","inLanguage":"pt-BR","@id":"https:\/\/rierge.com\/en\/#\/schema\/person\/image\/","url":"https:\/\/secure.gravatar.com\/avatar\/ae6430de1af9824c021c1ada823187a8?s=96&d=mm&r=g","contentUrl":"https:\/\/secure.gravatar.com\/avatar\/ae6430de1af9824c021c1ada823187a8?s=96&d=mm&r=g","caption":"admin"},"url":"https:\/\/rierge.com\/pb\/author\/admin\/"}]}},"_links":{"self":[{"href":"https:\/\/rierge.com\/pb\/wp-json\/wp\/v2\/posts\/7969","targetHints":{"allow":["GET"]}}],"collection":[{"href":"https:\/\/rierge.com\/pb\/wp-json\/wp\/v2\/posts"}],"about":[{"href":"https:\/\/rierge.com\/pb\/wp-json\/wp\/v2\/types\/post"}],"author":[{"embeddable":true,"href":"https:\/\/rierge.com\/pb\/wp-json\/wp\/v2\/users\/1"}],"replies":[{"embeddable":true,"href":"https:\/\/rierge.com\/pb\/wp-json\/wp\/v2\/comments?post=7969"}],"version-history":[{"count":7,"href":"https:\/\/rierge.com\/pb\/wp-json\/wp\/v2\/posts\/7969\/revisions"}],"predecessor-version":[{"id":8206,"href":"https:\/\/rierge.com\/pb\/wp-json\/wp\/v2\/posts\/7969\/revisions\/8206"}],"wp:featuredmedia":[{"embeddable":true,"href":"https:\/\/rierge.com\/pb\/wp-json\/wp\/v2\/media\/7979"}],"wp:attachment":[{"href":"https:\/\/rierge.com\/pb\/wp-json\/wp\/v2\/media?parent=7969"}],"wp:term":[{"taxonomy":"category","embeddable":true,"href":"https:\/\/rierge.com\/pb\/wp-json\/wp\/v2\/categories?post=7969"},{"taxonomy":"post_tag","embeddable":true,"href":"https:\/\/rierge.com\/pb\/wp-json\/wp\/v2\/tags?post=7969"}],"curies":[{"name":"wp","href":"https:\/\/api.w.org\/{rel}","templated":true}]}}