{"id":8186,"date":"2025-09-22T14:04:25","date_gmt":"2025-09-22T14:04:25","guid":{"rendered":"https:\/\/rierge.com\/?p=8186"},"modified":"2025-09-22T14:12:51","modified_gmt":"2025-09-22T14:12:51","slug":"energias-renovables","status":"publish","type":"post","link":"https:\/\/rierge.com\/fr\/2025\/09\/22\/energias-renovables\/","title":{"rendered":"\u00c9nergie renouvelable"},"content":{"rendered":"<p><\/p>\n<p style=\"text-align: right;\"><span style=\"color: #999999;\">22\/09\/2025<\/span><\/p>\n<p>D\u00e9but 2023, nous installerons des panneaux photovolta\u00efques dans notre usine de Martorelles, r\u00e9duisant ainsi la consommation du r\u00e9seau de 42 %.<\/p>\n<p>En septembre dernier, dans notre usine de Mollet, o\u00f9 nous r\u00e9alisons tous les travaux d&rsquo;usinage de pi\u00e8ces en acier et en aluminium par enl\u00e8vement de copeaux \u00e0 l&rsquo;aide de fraiseuses et de tours, nous avons install\u00e9 54 panneaux photovolta\u00efques. Nous estimons ainsi qu&rsquo;ils r\u00e9duiront notre facture d&rsquo;\u00e9lectricit\u00e9 de 72 % et produiront une production annuelle de 40\u00a0989 kWh, ce qui nous permettra d&rsquo;atteindre une autoconsommation de 46 %.<\/p>\n<p>Nous faisons ainsi un pas de plus vers la pr\u00e9servation de l&rsquo;environnement.<\/p>","protected":false},"excerpt":{"rendered":"<p>22\/09\/2025 D\u00e9but 2023, nous installerons des panneaux photovolta\u00efques dans notre usine de Martorelles, r\u00e9duisant ainsi la consommation du r\u00e9seau de 42 %. En septembre dernier, dans notre usine de Mollet, o\u00f9 nous r\u00e9alisons tous les travaux d&rsquo;usinage de pi\u00e8ces en acier et en aluminium par enl\u00e8vement de copeaux \u00e0 l&rsquo;aide de fraiseuses et de tours, [&hellip;]<\/p>\n","protected":false},"author":1,"featured_media":8188,"comment_status":"closed","ping_status":"closed","sticky":false,"template":"","format":"standard","meta":{"footnotes":""},"categories":[1],"tags":[],"class_list":["post-8186","post","type-post","status-publish","format-standard","has-post-thumbnail","hentry","category-sin-categoria"],"yoast_head":"<!-- This site is optimized with the Yoast SEO Premium plugin v18.4 (Yoast SEO v24.9) - https:\/\/yoast.com\/wordpress\/plugins\/seo\/ -->\n<title>\u00c9nergie renouvelable - RIERGE<\/title>\n<meta name=\"description\" content=\"22\/09\/2025 A primeros del a\u00f1o 2023, realizamos una instalaci\u00f3n de paneles fotovoltaicos en nuestra fabrica de Martorelles, con una reducci\u00f3n del consumo\" \/>\n<meta name=\"robots\" content=\"index, follow, max-snippet:-1, max-image-preview:large, max-video-preview:-1\" \/>\n<link rel=\"canonical\" href=\"https:\/\/rierge.com\/2025\/09\/22\/energias-renovables\/\" \/>\n<meta property=\"og:locale\" content=\"fr_FR\" \/>\n<meta property=\"og:type\" content=\"article\" \/>\n<meta property=\"og:title\" content=\"[:es]Energias Renovables[:ca]Energies Renovables[:en]Renewable Energy[:fr]\u00c9nergie renouvelable[:pb]Energia renov\u00e1vel[:]\" \/>\n<meta property=\"og:description\" content=\"22\/09\/2025 A primeros del a\u00f1o 2023, realizamos una instalaci\u00f3n de paneles fotovoltaicos en nuestra fabrica de Martorelles, con una reducci\u00f3n del consumo\" \/>\n<meta property=\"og:url\" content=\"https:\/\/rierge.com\/2025\/09\/22\/energias-renovables\/\" \/>\n<meta property=\"og:site_name\" content=\"RIERGE\" \/>\n<meta property=\"article:published_time\" content=\"2025-09-22T14:04:25+00:00\" \/>\n<meta property=\"article:modified_time\" content=\"2025-09-22T14:12:51+00:00\" \/>\n<meta property=\"og:image\" content=\"https:\/\/rierge.com\/wp-content\/uploads\/2025\/09\/79dd09a2-1b55-46a2-b549-04c5082280b4.jpg\" \/>\n\t<meta property=\"og:image:width\" content=\"1300\" \/>\n\t<meta property=\"og:image:height\" content=\"731\" \/>\n\t<meta property=\"og:image:type\" content=\"image\/jpeg\" \/>\n<meta name=\"author\" content=\"admin\" \/>\n<meta name=\"twitter:card\" content=\"summary_large_image\" \/>\n<meta name=\"twitter:label1\" content=\"\u00c9crit par\" \/>\n\t<meta name=\"twitter:data1\" content=\"admin\" \/>\n\t<meta name=\"twitter:label2\" content=\"Dur\u00e9e de lecture estim\u00e9e\" \/>\n\t<meta name=\"twitter:data2\" content=\"1 minute\" \/>\n<script type=\"application\/ld+json\" class=\"yoast-schema-graph\">{\"@context\":\"https:\/\/schema.org\",\"@graph\":[{\"@type\":\"Article\",\"@id\":\"https:\/\/rierge.com\/2025\/09\/22\/energias-renovables\/#article\",\"isPartOf\":{\"@id\":\"https:\/\/rierge.com\/2025\/09\/22\/energias-renovables\/\"},\"author\":{\"name\":\"admin\",\"@id\":\"https:\/\/rierge.com\/en\/#\/schema\/person\/a700fc52e66409a731fa608758a0a708\"},\"headline\":\"\u00c9nergie renouvelable\",\"datePublished\":\"2025-09-22T14:04:25+00:00\",\"dateModified\":\"2025-09-22T14:12:51+00:00\",\"mainEntityOfPage\":{\"@id\":\"https:\/\/rierge.com\/2025\/09\/22\/energias-renovables\/\"},\"wordCount\":508,\"publisher\":{\"@id\":\"https:\/\/rierge.com\/en\/#organization\"},\"image\":{\"@id\":\"https:\/\/rierge.com\/2025\/09\/22\/energias-renovables\/#primaryimage\"},\"thumbnailUrl\":\"https:\/\/rierge.com\/wp-content\/uploads\/2025\/09\/79dd09a2-1b55-46a2-b549-04c5082280b4.jpg\",\"articleSection\":[\"Sin categor\u00eda\"],\"inLanguage\":\"fr-FR\"},{\"@type\":\"WebPage\",\"@id\":\"https:\/\/rierge.com\/2025\/09\/22\/energias-renovables\/\",\"url\":\"https:\/\/rierge.com\/2025\/09\/22\/energias-renovables\/\",\"name\":\"[:es]Energias Renovables[:ca]Energies Renovables[:en]Renewable Energy[:fr]\u00c9nergie renouvelable[:pb]Energia renov\u00e1vel[:] - RIERGE\",\"isPartOf\":{\"@id\":\"https:\/\/rierge.com\/en\/#website\"},\"primaryImageOfPage\":{\"@id\":\"https:\/\/rierge.com\/2025\/09\/22\/energias-renovables\/#primaryimage\"},\"image\":{\"@id\":\"https:\/\/rierge.com\/2025\/09\/22\/energias-renovables\/#primaryimage\"},\"thumbnailUrl\":\"https:\/\/rierge.com\/wp-content\/uploads\/2025\/09\/79dd09a2-1b55-46a2-b549-04c5082280b4.jpg\",\"datePublished\":\"2025-09-22T14:04:25+00:00\",\"dateModified\":\"2025-09-22T14:12:51+00:00\",\"description\":\"22\/09\/2025 A primeros del a\u00f1o 2023, realizamos una instalaci\u00f3n de paneles fotovoltaicos en nuestra fabrica de Martorelles, con una reducci\u00f3n del consumo\",\"breadcrumb\":{\"@id\":\"https:\/\/rierge.com\/2025\/09\/22\/energias-renovables\/#breadcrumb\"},\"inLanguage\":\"fr-FR\",\"potentialAction\":[{\"@type\":\"ReadAction\",\"target\":[\"https:\/\/rierge.com\/2025\/09\/22\/energias-renovables\/\"]}]},{\"@type\":\"ImageObject\",\"inLanguage\":\"fr-FR\",\"@id\":\"https:\/\/rierge.com\/2025\/09\/22\/energias-renovables\/#primaryimage\",\"url\":\"https:\/\/rierge.com\/wp-content\/uploads\/2025\/09\/79dd09a2-1b55-46a2-b549-04c5082280b4.jpg\",\"contentUrl\":\"https:\/\/rierge.com\/wp-content\/uploads\/2025\/09\/79dd09a2-1b55-46a2-b549-04c5082280b4.jpg\",\"width\":1300,\"height\":731},{\"@type\":\"BreadcrumbList\",\"@id\":\"https:\/\/rierge.com\/2025\/09\/22\/energias-renovables\/#breadcrumb\",\"itemListElement\":[{\"@type\":\"ListItem\",\"position\":1,\"name\":\"Home\",\"item\":\"https:\/\/rierge.com\/\"},{\"@type\":\"ListItem\",\"position\":2,\"name\":\"Energias Renovables\"}]},{\"@type\":\"WebSite\",\"@id\":\"https:\/\/rierge.com\/en\/#website\",\"url\":\"https:\/\/rierge.com\/en\/\",\"name\":\"RIERGE\",\"description\":\"\",\"publisher\":{\"@id\":\"https:\/\/rierge.com\/en\/#organization\"},\"potentialAction\":[{\"@type\":\"SearchAction\",\"target\":{\"@type\":\"EntryPoint\",\"urlTemplate\":\"https:\/\/rierge.com\/en\/?s={search_term_string}\"},\"query-input\":{\"@type\":\"PropertyValueSpecification\",\"valueRequired\":true,\"valueName\":\"search_term_string\"}}],\"inLanguage\":\"fr-FR\"},{\"@type\":\"Organization\",\"@id\":\"https:\/\/rierge.com\/en\/#organization\",\"name\":\"Rierge\",\"url\":\"https:\/\/rierge.com\/en\/\",\"logo\":{\"@type\":\"ImageObject\",\"inLanguage\":\"fr-FR\",\"@id\":\"https:\/\/rierge.com\/en\/#\/schema\/logo\/image\/\",\"url\":\"https:\/\/rierge.com\/wp-content\/uploads\/2017\/06\/logo-rierge-desde-1954.jpg\",\"contentUrl\":\"https:\/\/rierge.com\/wp-content\/uploads\/2017\/06\/logo-rierge-desde-1954.jpg\",\"width\":180,\"height\":50,\"caption\":\"Rierge\"},\"image\":{\"@id\":\"https:\/\/rierge.com\/en\/#\/schema\/logo\/image\/\"}},{\"@type\":\"Person\",\"@id\":\"https:\/\/rierge.com\/en\/#\/schema\/person\/a700fc52e66409a731fa608758a0a708\",\"name\":\"admin\",\"image\":{\"@type\":\"ImageObject\",\"inLanguage\":\"fr-FR\",\"@id\":\"https:\/\/rierge.com\/en\/#\/schema\/person\/image\/\",\"url\":\"https:\/\/secure.gravatar.com\/avatar\/ae6430de1af9824c021c1ada823187a8?s=96&d=mm&r=g\",\"contentUrl\":\"https:\/\/secure.gravatar.com\/avatar\/ae6430de1af9824c021c1ada823187a8?s=96&d=mm&r=g\",\"caption\":\"admin\"},\"url\":\"https:\/\/rierge.com\/fr\/author\/admin\/\"}]}<\/script>\n<!-- \/ Yoast SEO Premium plugin. -->","yoast_head_json":{"title":"[:es]Energias Renovables[:ca]Energies Renovables[:en]Renewable Energy[:fr]\u00c9nergie renouvelable[:pb]Energia renov\u00e1vel[:] - RIERGE","description":"22\/09\/2025 A primeros del a\u00f1o 2023, realizamos una instalaci\u00f3n de paneles fotovoltaicos en nuestra fabrica de Martorelles, con una reducci\u00f3n del consumo","robots":{"index":"index","follow":"follow","max-snippet":"max-snippet:-1","max-image-preview":"max-image-preview:large","max-video-preview":"max-video-preview:-1"},"canonical":"https:\/\/rierge.com\/2025\/09\/22\/energias-renovables\/","og_locale":"fr_FR","og_type":"article","og_title":"[:es]Energias Renovables[:ca]Energies Renovables[:en]Renewable Energy[:fr]\u00c9nergie renouvelable[:pb]Energia renov\u00e1vel[:]","og_description":"22\/09\/2025 A primeros del a\u00f1o 2023, realizamos una instalaci\u00f3n de paneles fotovoltaicos en nuestra fabrica de Martorelles, con una reducci\u00f3n del consumo","og_url":"https:\/\/rierge.com\/2025\/09\/22\/energias-renovables\/","og_site_name":"RIERGE","article_published_time":"2025-09-22T14:04:25+00:00","article_modified_time":"2025-09-22T14:12:51+00:00","og_image":[{"width":1300,"height":731,"url":"https:\/\/rierge.com\/wp-content\/uploads\/2025\/09\/79dd09a2-1b55-46a2-b549-04c5082280b4.jpg","type":"image\/jpeg"}],"author":"admin","twitter_card":"summary_large_image","twitter_misc":{"\u00c9crit par":"admin","Dur\u00e9e de lecture estim\u00e9e":"1 minute"},"schema":{"@context":"https:\/\/schema.org","@graph":[{"@type":"Article","@id":"https:\/\/rierge.com\/2025\/09\/22\/energias-renovables\/#article","isPartOf":{"@id":"https:\/\/rierge.com\/2025\/09\/22\/energias-renovables\/"},"author":{"name":"admin","@id":"https:\/\/rierge.com\/en\/#\/schema\/person\/a700fc52e66409a731fa608758a0a708"},"headline":"\u00c9nergie renouvelable","datePublished":"2025-09-22T14:04:25+00:00","dateModified":"2025-09-22T14:12:51+00:00","mainEntityOfPage":{"@id":"https:\/\/rierge.com\/2025\/09\/22\/energias-renovables\/"},"wordCount":508,"publisher":{"@id":"https:\/\/rierge.com\/en\/#organization"},"image":{"@id":"https:\/\/rierge.com\/2025\/09\/22\/energias-renovables\/#primaryimage"},"thumbnailUrl":"https:\/\/rierge.com\/wp-content\/uploads\/2025\/09\/79dd09a2-1b55-46a2-b549-04c5082280b4.jpg","articleSection":["Sin categor\u00eda"],"inLanguage":"fr-FR"},{"@type":"WebPage","@id":"https:\/\/rierge.com\/2025\/09\/22\/energias-renovables\/","url":"https:\/\/rierge.com\/2025\/09\/22\/energias-renovables\/","name":"[:es]Energias Renovables[:ca]Energies Renovables[:en]Renewable Energy[:fr]\u00c9nergie renouvelable[:pb]Energia renov\u00e1vel[:] - RIERGE","isPartOf":{"@id":"https:\/\/rierge.com\/en\/#website"},"primaryImageOfPage":{"@id":"https:\/\/rierge.com\/2025\/09\/22\/energias-renovables\/#primaryimage"},"image":{"@id":"https:\/\/rierge.com\/2025\/09\/22\/energias-renovables\/#primaryimage"},"thumbnailUrl":"https:\/\/rierge.com\/wp-content\/uploads\/2025\/09\/79dd09a2-1b55-46a2-b549-04c5082280b4.jpg","datePublished":"2025-09-22T14:04:25+00:00","dateModified":"2025-09-22T14:12:51+00:00","description":"22\/09\/2025 A primeros del a\u00f1o 2023, realizamos una instalaci\u00f3n de paneles fotovoltaicos en nuestra fabrica de Martorelles, con una reducci\u00f3n del consumo","breadcrumb":{"@id":"https:\/\/rierge.com\/2025\/09\/22\/energias-renovables\/#breadcrumb"},"inLanguage":"fr-FR","potentialAction":[{"@type":"ReadAction","target":["https:\/\/rierge.com\/2025\/09\/22\/energias-renovables\/"]}]},{"@type":"ImageObject","inLanguage":"fr-FR","@id":"https:\/\/rierge.com\/2025\/09\/22\/energias-renovables\/#primaryimage","url":"https:\/\/rierge.com\/wp-content\/uploads\/2025\/09\/79dd09a2-1b55-46a2-b549-04c5082280b4.jpg","contentUrl":"https:\/\/rierge.com\/wp-content\/uploads\/2025\/09\/79dd09a2-1b55-46a2-b549-04c5082280b4.jpg","width":1300,"height":731},{"@type":"BreadcrumbList","@id":"https:\/\/rierge.com\/2025\/09\/22\/energias-renovables\/#breadcrumb","itemListElement":[{"@type":"ListItem","position":1,"name":"Home","item":"https:\/\/rierge.com\/"},{"@type":"ListItem","position":2,"name":"Energias Renovables"}]},{"@type":"WebSite","@id":"https:\/\/rierge.com\/en\/#website","url":"https:\/\/rierge.com\/en\/","name":"RIERGE","description":"","publisher":{"@id":"https:\/\/rierge.com\/en\/#organization"},"potentialAction":[{"@type":"SearchAction","target":{"@type":"EntryPoint","urlTemplate":"https:\/\/rierge.com\/en\/?s={search_term_string}"},"query-input":{"@type":"PropertyValueSpecification","valueRequired":true,"valueName":"search_term_string"}}],"inLanguage":"fr-FR"},{"@type":"Organization","@id":"https:\/\/rierge.com\/en\/#organization","name":"Rierge","url":"https:\/\/rierge.com\/en\/","logo":{"@type":"ImageObject","inLanguage":"fr-FR","@id":"https:\/\/rierge.com\/en\/#\/schema\/logo\/image\/","url":"https:\/\/rierge.com\/wp-content\/uploads\/2017\/06\/logo-rierge-desde-1954.jpg","contentUrl":"https:\/\/rierge.com\/wp-content\/uploads\/2017\/06\/logo-rierge-desde-1954.jpg","width":180,"height":50,"caption":"Rierge"},"image":{"@id":"https:\/\/rierge.com\/en\/#\/schema\/logo\/image\/"}},{"@type":"Person","@id":"https:\/\/rierge.com\/en\/#\/schema\/person\/a700fc52e66409a731fa608758a0a708","name":"admin","image":{"@type":"ImageObject","inLanguage":"fr-FR","@id":"https:\/\/rierge.com\/en\/#\/schema\/person\/image\/","url":"https:\/\/secure.gravatar.com\/avatar\/ae6430de1af9824c021c1ada823187a8?s=96&d=mm&r=g","contentUrl":"https:\/\/secure.gravatar.com\/avatar\/ae6430de1af9824c021c1ada823187a8?s=96&d=mm&r=g","caption":"admin"},"url":"https:\/\/rierge.com\/fr\/author\/admin\/"}]}},"_links":{"self":[{"href":"https:\/\/rierge.com\/fr\/wp-json\/wp\/v2\/posts\/8186","targetHints":{"allow":["GET"]}}],"collection":[{"href":"https:\/\/rierge.com\/fr\/wp-json\/wp\/v2\/posts"}],"about":[{"href":"https:\/\/rierge.com\/fr\/wp-json\/wp\/v2\/types\/post"}],"author":[{"embeddable":true,"href":"https:\/\/rierge.com\/fr\/wp-json\/wp\/v2\/users\/1"}],"replies":[{"embeddable":true,"href":"https:\/\/rierge.com\/fr\/wp-json\/wp\/v2\/comments?post=8186"}],"version-history":[{"count":3,"href":"https:\/\/rierge.com\/fr\/wp-json\/wp\/v2\/posts\/8186\/revisions"}],"predecessor-version":[{"id":8191,"href":"https:\/\/rierge.com\/fr\/wp-json\/wp\/v2\/posts\/8186\/revisions\/8191"}],"wp:featuredmedia":[{"embeddable":true,"href":"https:\/\/rierge.com\/fr\/wp-json\/wp\/v2\/media\/8188"}],"wp:attachment":[{"href":"https:\/\/rierge.com\/fr\/wp-json\/wp\/v2\/media?parent=8186"}],"wp:term":[{"taxonomy":"category","embeddable":true,"href":"https:\/\/rierge.com\/fr\/wp-json\/wp\/v2\/categories?post=8186"},{"taxonomy":"post_tag","embeddable":true,"href":"https:\/\/rierge.com\/fr\/wp-json\/wp\/v2\/tags?post=8186"}],"curies":[{"name":"wp","href":"https:\/\/api.w.org\/{rel}","templated":true}]}}