{"id":7688,"date":"2023-09-28T11:05:24","date_gmt":"2023-09-28T11:05:24","guid":{"rendered":"https:\/\/rierge.com\/?p=7688"},"modified":"2024-02-27T10:53:28","modified_gmt":"2024-02-27T10:53:28","slug":"fimma-maderalia-calienta-motores","status":"publish","type":"post","link":"https:\/\/rierge.com\/fr\/2023\/09\/28\/fimma-maderalia-calienta-motores\/","title":{"rendered":"FIMMA MADERALIA R\u00c9CHAUFFE LES MOTEURS"},"content":{"rendered":"<p><\/p>\n<p style=\"text-align: right;\"><span style=\"color: #999999;\">28\/09\/2023<\/span><\/p>\n<p><span class=\"HwtZe\" lang=\"fr\"><span class=\"jCAhz ChMk0b\"><span class=\"ryNqvb\"><a href=\"https:\/\/www.interempresas.net\/Madera\/Articulos\/491001-Fimma-Maderalia-crece-y-amplia-a-seis-pabellones-su-convocatoria-de-2024.html\" target=\"_blank\" rel=\"noopener\">La Feria Valencia<\/a> commence l&rsquo;organisation de la prochaine \u00e9dition pour 2024, ce sera la 40\u00e8me \u00e9dition depuis le d\u00e9but de la Foire des Machines et des Expositions Connexes en 1963.<\/span><\/span> <\/span><\/p>\n<p><span class=\"HwtZe\" lang=\"fr\"><span class=\"jCAhz ChMk0b\"><span class=\"ryNqvb\">J&rsquo;ai l&rsquo;honneur de pr\u00e9sider le comit\u00e9 organisateur de FIMMA, qui est la section de la Foire qui abrite des machines, des logiciels et des \u00e9quipements.<\/span><\/span> <\/span><\/p>\n<p><span class=\"HwtZe\" lang=\"fr\"><span class=\"jCAhz ChMk0b\"><span class=\"ryNqvb\">Pour cette prochaine \u00e9dition, nous organisons un salon hautement technologique, o\u00f9 le visiteur pourra se renseigner de premi\u00e8re main sur l&rsquo;\u00e9tat actuel de la technologie, pour pouvoir l&rsquo;impl\u00e9menter dans ses processus de production pour obtenir une plus grande productivit\u00e9 et qualit\u00e9.<\/span><\/span> <\/span><\/p>\n<p><span class=\"HwtZe\" lang=\"fr\"><span class=\"jCAhz ChMk0b\"><span class=\"ryNqvb\">En g\u00e9n\u00e9ral, les fabricants de machines, en plus de la partie m\u00e9canique des machines, recherchent l&rsquo;aspect logiciel qui fait aujourd&rsquo;hui partie de nos \u00e9quipements.<\/span><\/span> <\/span><\/p>\n<p><span class=\"HwtZe\" lang=\"fr\"><span class=\"jCAhz ChMk0b\"><span class=\"ryNqvb\">Le logiciel pour que les utilisateurs puissent facilement cr\u00e9er de nouvelles conceptions et le logiciel de la machine, pour que la gestion de l&rsquo;ensemble de l&rsquo;installation soit sous contr\u00f4le et g\u00e9n\u00e8re les informations n\u00e9cessaires pour conna\u00eetre \u00e0 tout moment la capacit\u00e9 productive de nos installations.<\/span><\/span> <\/span><\/p>\n<p style=\"text-align: center;\"><strong><span class=\"HwtZe\" lang=\"fr\" style=\"color: #ff6600;\"><span class=\"jCAhz ChMk0b\"><span class=\"ryNqvb\">En ne travaillant pas plus d\u2019heures, vous pouvez \u00eatre plus productif.<\/span><\/span><\/span><\/strong><\/p>\n<p><a href=\"https:\/\/tpv2.feriavalencia.com\/action\/entrada.do?metodo=generarPantallaPago1&amp;evento=37&amp;evd=41&amp;id=&amp;tip=0&amp;prod=1&amp;tipocliente=P&amp;codact=0&amp;codcon=6440103\" target=\"_blank\" rel=\"noopener\"><strong><span class=\"HwtZe\" lang=\"fr\" style=\"color: #ff6600;\"><span class=\"jCAhz ChMk0b\"><span class=\"ryNqvb\">Votre invitation ici<\/span><\/span><\/span><\/strong><\/a><\/p>\n<p><\/p>","protected":false},"excerpt":{"rendered":"<p>28\/09\/2023 La Feria Valencia commence l&rsquo;organisation de la prochaine \u00e9dition pour 2024, ce sera la 40\u00e8me \u00e9dition depuis le d\u00e9but de la Foire des Machines et des Expositions Connexes en 1963. J&rsquo;ai l&rsquo;honneur de pr\u00e9sider le comit\u00e9 organisateur de FIMMA, qui est la section de la Foire qui abrite des machines, des logiciels et des [&hellip;]<\/p>\n","protected":false},"author":1,"featured_media":7689,"comment_status":"closed","ping_status":"closed","sticky":false,"template":"","format":"standard","meta":{"footnotes":""},"categories":[1],"tags":[],"class_list":["post-7688","post","type-post","status-publish","format-standard","has-post-thumbnail","hentry","category-sin-categoria"],"yoast_head":"<!-- This site is optimized with the Yoast SEO Premium plugin v18.4 (Yoast SEO v24.9) - https:\/\/yoast.com\/wordpress\/plugins\/seo\/ -->\n<title>FIMMA MADERALIA R\u00c9CHAUFFE LES MOTEURS - RIERGE<\/title>\n<meta name=\"description\" content=\"28\/09\/2023 Feria Valencia empieza la organizaci\u00f3n de la pr\u00f3xima edici\u00f3n para el 2024, ser\u00e1 la edici\u00f3n n\u00famero 40 des de que en 1963 empez\u00f3 la Feria de\" \/>\n<meta name=\"robots\" content=\"index, follow, max-snippet:-1, max-image-preview:large, max-video-preview:-1\" \/>\n<link rel=\"canonical\" href=\"https:\/\/rierge.com\/2023\/09\/28\/fimma-maderalia-calienta-motores\/\" \/>\n<meta property=\"og:locale\" content=\"fr_FR\" \/>\n<meta property=\"og:type\" content=\"article\" \/>\n<meta property=\"og:title\" content=\"[:es]FIMMA MADERALIA CALIENTA MOTORES[:ca]FIMMA MADER\u00c0LIA ESCALFA MOTORS[:en]FIMMA MADERALIA WARMS UP ENGINES[:fr]FIMMA MADERALIA R\u00c9CHAUFFE LES MOTEURS[:]\" \/>\n<meta property=\"og:description\" content=\"28\/09\/2023 Feria Valencia empieza la organizaci\u00f3n de la pr\u00f3xima edici\u00f3n para el 2024, ser\u00e1 la edici\u00f3n n\u00famero 40 des de que en 1963 empez\u00f3 la Feria de\" \/>\n<meta property=\"og:url\" content=\"https:\/\/rierge.com\/2023\/09\/28\/fimma-maderalia-calienta-motores\/\" \/>\n<meta property=\"og:site_name\" content=\"RIERGE\" \/>\n<meta property=\"article:published_time\" content=\"2023-09-28T11:05:24+00:00\" \/>\n<meta property=\"article:modified_time\" content=\"2024-02-27T10:53:28+00:00\" \/>\n<meta property=\"og:image\" content=\"https:\/\/rierge.com\/wp-content\/uploads\/2023\/09\/4090128.jpeg\" \/>\n\t<meta property=\"og:image:width\" content=\"980\" \/>\n\t<meta property=\"og:image:height\" content=\"560\" \/>\n\t<meta property=\"og:image:type\" content=\"image\/jpeg\" \/>\n<meta name=\"author\" content=\"admin\" \/>\n<meta name=\"twitter:card\" content=\"summary_large_image\" \/>\n<meta name=\"twitter:label1\" content=\"\u00c9crit par\" \/>\n\t<meta name=\"twitter:data1\" content=\"admin\" \/>\n\t<meta name=\"twitter:label2\" content=\"Dur\u00e9e de lecture estim\u00e9e\" \/>\n\t<meta name=\"twitter:data2\" content=\"4 minutes\" \/>\n<script type=\"application\/ld+json\" class=\"yoast-schema-graph\">{\"@context\":\"https:\/\/schema.org\",\"@graph\":[{\"@type\":\"Article\",\"@id\":\"https:\/\/rierge.com\/2023\/09\/28\/fimma-maderalia-calienta-motores\/#article\",\"isPartOf\":{\"@id\":\"https:\/\/rierge.com\/2023\/09\/28\/fimma-maderalia-calienta-motores\/\"},\"author\":{\"name\":\"admin\",\"@id\":\"https:\/\/rierge.com\/en\/#\/schema\/person\/a700fc52e66409a731fa608758a0a708\"},\"headline\":\"FIMMA MADERALIA R\u00c9CHAUFFE LES MOTEURS\",\"datePublished\":\"2023-09-28T11:05:24+00:00\",\"dateModified\":\"2024-02-27T10:53:28+00:00\",\"mainEntityOfPage\":{\"@id\":\"https:\/\/rierge.com\/2023\/09\/28\/fimma-maderalia-calienta-motores\/\"},\"wordCount\":788,\"publisher\":{\"@id\":\"https:\/\/rierge.com\/en\/#organization\"},\"image\":{\"@id\":\"https:\/\/rierge.com\/2023\/09\/28\/fimma-maderalia-calienta-motores\/#primaryimage\"},\"thumbnailUrl\":\"https:\/\/rierge.com\/wp-content\/uploads\/2023\/09\/4090128.jpeg\",\"articleSection\":[\"Sin categor\u00eda\"],\"inLanguage\":\"fr-FR\"},{\"@type\":\"WebPage\",\"@id\":\"https:\/\/rierge.com\/2023\/09\/28\/fimma-maderalia-calienta-motores\/\",\"url\":\"https:\/\/rierge.com\/2023\/09\/28\/fimma-maderalia-calienta-motores\/\",\"name\":\"[:es]FIMMA MADERALIA CALIENTA MOTORES[:ca]FIMMA MADER\u00c0LIA ESCALFA MOTORS[:en]FIMMA MADERALIA WARMS UP ENGINES[:fr]FIMMA MADERALIA R\u00c9CHAUFFE LES MOTEURS[:] - RIERGE\",\"isPartOf\":{\"@id\":\"https:\/\/rierge.com\/en\/#website\"},\"primaryImageOfPage\":{\"@id\":\"https:\/\/rierge.com\/2023\/09\/28\/fimma-maderalia-calienta-motores\/#primaryimage\"},\"image\":{\"@id\":\"https:\/\/rierge.com\/2023\/09\/28\/fimma-maderalia-calienta-motores\/#primaryimage\"},\"thumbnailUrl\":\"https:\/\/rierge.com\/wp-content\/uploads\/2023\/09\/4090128.jpeg\",\"datePublished\":\"2023-09-28T11:05:24+00:00\",\"dateModified\":\"2024-02-27T10:53:28+00:00\",\"description\":\"28\/09\/2023 Feria Valencia empieza la organizaci\u00f3n de la pr\u00f3xima edici\u00f3n para el 2024, ser\u00e1 la edici\u00f3n n\u00famero 40 des de que en 1963 empez\u00f3 la Feria de\",\"breadcrumb\":{\"@id\":\"https:\/\/rierge.com\/2023\/09\/28\/fimma-maderalia-calienta-motores\/#breadcrumb\"},\"inLanguage\":\"fr-FR\",\"potentialAction\":[{\"@type\":\"ReadAction\",\"target\":[\"https:\/\/rierge.com\/2023\/09\/28\/fimma-maderalia-calienta-motores\/\"]}]},{\"@type\":\"ImageObject\",\"inLanguage\":\"fr-FR\",\"@id\":\"https:\/\/rierge.com\/2023\/09\/28\/fimma-maderalia-calienta-motores\/#primaryimage\",\"url\":\"https:\/\/rierge.com\/wp-content\/uploads\/2023\/09\/4090128.jpeg\",\"contentUrl\":\"https:\/\/rierge.com\/wp-content\/uploads\/2023\/09\/4090128.jpeg\",\"width\":980,\"height\":560},{\"@type\":\"BreadcrumbList\",\"@id\":\"https:\/\/rierge.com\/2023\/09\/28\/fimma-maderalia-calienta-motores\/#breadcrumb\",\"itemListElement\":[{\"@type\":\"ListItem\",\"position\":1,\"name\":\"Home\",\"item\":\"https:\/\/rierge.com\/\"},{\"@type\":\"ListItem\",\"position\":2,\"name\":\"FIMMA MADERALIA CALIENTA MOTORES\"}]},{\"@type\":\"WebSite\",\"@id\":\"https:\/\/rierge.com\/en\/#website\",\"url\":\"https:\/\/rierge.com\/en\/\",\"name\":\"RIERGE\",\"description\":\"\",\"publisher\":{\"@id\":\"https:\/\/rierge.com\/en\/#organization\"},\"potentialAction\":[{\"@type\":\"SearchAction\",\"target\":{\"@type\":\"EntryPoint\",\"urlTemplate\":\"https:\/\/rierge.com\/en\/?s={search_term_string}\"},\"query-input\":{\"@type\":\"PropertyValueSpecification\",\"valueRequired\":true,\"valueName\":\"search_term_string\"}}],\"inLanguage\":\"fr-FR\"},{\"@type\":\"Organization\",\"@id\":\"https:\/\/rierge.com\/en\/#organization\",\"name\":\"Rierge\",\"url\":\"https:\/\/rierge.com\/en\/\",\"logo\":{\"@type\":\"ImageObject\",\"inLanguage\":\"fr-FR\",\"@id\":\"https:\/\/rierge.com\/en\/#\/schema\/logo\/image\/\",\"url\":\"https:\/\/rierge.com\/wp-content\/uploads\/2017\/06\/logo-rierge-desde-1954.jpg\",\"contentUrl\":\"https:\/\/rierge.com\/wp-content\/uploads\/2017\/06\/logo-rierge-desde-1954.jpg\",\"width\":180,\"height\":50,\"caption\":\"Rierge\"},\"image\":{\"@id\":\"https:\/\/rierge.com\/en\/#\/schema\/logo\/image\/\"}},{\"@type\":\"Person\",\"@id\":\"https:\/\/rierge.com\/en\/#\/schema\/person\/a700fc52e66409a731fa608758a0a708\",\"name\":\"admin\",\"image\":{\"@type\":\"ImageObject\",\"inLanguage\":\"fr-FR\",\"@id\":\"https:\/\/rierge.com\/en\/#\/schema\/person\/image\/\",\"url\":\"https:\/\/secure.gravatar.com\/avatar\/ae6430de1af9824c021c1ada823187a8?s=96&d=mm&r=g\",\"contentUrl\":\"https:\/\/secure.gravatar.com\/avatar\/ae6430de1af9824c021c1ada823187a8?s=96&d=mm&r=g\",\"caption\":\"admin\"},\"url\":\"https:\/\/rierge.com\/fr\/author\/admin\/\"}]}<\/script>\n<!-- \/ Yoast SEO Premium plugin. -->","yoast_head_json":{"title":"[:es]FIMMA MADERALIA CALIENTA MOTORES[:ca]FIMMA MADER\u00c0LIA ESCALFA MOTORS[:en]FIMMA MADERALIA WARMS UP ENGINES[:fr]FIMMA MADERALIA R\u00c9CHAUFFE LES MOTEURS[:] - RIERGE","description":"28\/09\/2023 Feria Valencia empieza la organizaci\u00f3n de la pr\u00f3xima edici\u00f3n para el 2024, ser\u00e1 la edici\u00f3n n\u00famero 40 des de que en 1963 empez\u00f3 la Feria de","robots":{"index":"index","follow":"follow","max-snippet":"max-snippet:-1","max-image-preview":"max-image-preview:large","max-video-preview":"max-video-preview:-1"},"canonical":"https:\/\/rierge.com\/2023\/09\/28\/fimma-maderalia-calienta-motores\/","og_locale":"fr_FR","og_type":"article","og_title":"[:es]FIMMA MADERALIA CALIENTA MOTORES[:ca]FIMMA MADER\u00c0LIA ESCALFA MOTORS[:en]FIMMA MADERALIA WARMS UP ENGINES[:fr]FIMMA MADERALIA R\u00c9CHAUFFE LES MOTEURS[:]","og_description":"28\/09\/2023 Feria Valencia empieza la organizaci\u00f3n de la pr\u00f3xima edici\u00f3n para el 2024, ser\u00e1 la edici\u00f3n n\u00famero 40 des de que en 1963 empez\u00f3 la Feria de","og_url":"https:\/\/rierge.com\/2023\/09\/28\/fimma-maderalia-calienta-motores\/","og_site_name":"RIERGE","article_published_time":"2023-09-28T11:05:24+00:00","article_modified_time":"2024-02-27T10:53:28+00:00","og_image":[{"width":980,"height":560,"url":"https:\/\/rierge.com\/wp-content\/uploads\/2023\/09\/4090128.jpeg","type":"image\/jpeg"}],"author":"admin","twitter_card":"summary_large_image","twitter_misc":{"\u00c9crit par":"admin","Dur\u00e9e de lecture estim\u00e9e":"4 minutes"},"schema":{"@context":"https:\/\/schema.org","@graph":[{"@type":"Article","@id":"https:\/\/rierge.com\/2023\/09\/28\/fimma-maderalia-calienta-motores\/#article","isPartOf":{"@id":"https:\/\/rierge.com\/2023\/09\/28\/fimma-maderalia-calienta-motores\/"},"author":{"name":"admin","@id":"https:\/\/rierge.com\/en\/#\/schema\/person\/a700fc52e66409a731fa608758a0a708"},"headline":"FIMMA MADERALIA R\u00c9CHAUFFE LES MOTEURS","datePublished":"2023-09-28T11:05:24+00:00","dateModified":"2024-02-27T10:53:28+00:00","mainEntityOfPage":{"@id":"https:\/\/rierge.com\/2023\/09\/28\/fimma-maderalia-calienta-motores\/"},"wordCount":788,"publisher":{"@id":"https:\/\/rierge.com\/en\/#organization"},"image":{"@id":"https:\/\/rierge.com\/2023\/09\/28\/fimma-maderalia-calienta-motores\/#primaryimage"},"thumbnailUrl":"https:\/\/rierge.com\/wp-content\/uploads\/2023\/09\/4090128.jpeg","articleSection":["Sin categor\u00eda"],"inLanguage":"fr-FR"},{"@type":"WebPage","@id":"https:\/\/rierge.com\/2023\/09\/28\/fimma-maderalia-calienta-motores\/","url":"https:\/\/rierge.com\/2023\/09\/28\/fimma-maderalia-calienta-motores\/","name":"[:es]FIMMA MADERALIA CALIENTA MOTORES[:ca]FIMMA MADER\u00c0LIA ESCALFA MOTORS[:en]FIMMA MADERALIA WARMS UP ENGINES[:fr]FIMMA MADERALIA R\u00c9CHAUFFE LES MOTEURS[:] - RIERGE","isPartOf":{"@id":"https:\/\/rierge.com\/en\/#website"},"primaryImageOfPage":{"@id":"https:\/\/rierge.com\/2023\/09\/28\/fimma-maderalia-calienta-motores\/#primaryimage"},"image":{"@id":"https:\/\/rierge.com\/2023\/09\/28\/fimma-maderalia-calienta-motores\/#primaryimage"},"thumbnailUrl":"https:\/\/rierge.com\/wp-content\/uploads\/2023\/09\/4090128.jpeg","datePublished":"2023-09-28T11:05:24+00:00","dateModified":"2024-02-27T10:53:28+00:00","description":"28\/09\/2023 Feria Valencia empieza la organizaci\u00f3n de la pr\u00f3xima edici\u00f3n para el 2024, ser\u00e1 la edici\u00f3n n\u00famero 40 des de que en 1963 empez\u00f3 la Feria de","breadcrumb":{"@id":"https:\/\/rierge.com\/2023\/09\/28\/fimma-maderalia-calienta-motores\/#breadcrumb"},"inLanguage":"fr-FR","potentialAction":[{"@type":"ReadAction","target":["https:\/\/rierge.com\/2023\/09\/28\/fimma-maderalia-calienta-motores\/"]}]},{"@type":"ImageObject","inLanguage":"fr-FR","@id":"https:\/\/rierge.com\/2023\/09\/28\/fimma-maderalia-calienta-motores\/#primaryimage","url":"https:\/\/rierge.com\/wp-content\/uploads\/2023\/09\/4090128.jpeg","contentUrl":"https:\/\/rierge.com\/wp-content\/uploads\/2023\/09\/4090128.jpeg","width":980,"height":560},{"@type":"BreadcrumbList","@id":"https:\/\/rierge.com\/2023\/09\/28\/fimma-maderalia-calienta-motores\/#breadcrumb","itemListElement":[{"@type":"ListItem","position":1,"name":"Home","item":"https:\/\/rierge.com\/"},{"@type":"ListItem","position":2,"name":"FIMMA MADERALIA CALIENTA MOTORES"}]},{"@type":"WebSite","@id":"https:\/\/rierge.com\/en\/#website","url":"https:\/\/rierge.com\/en\/","name":"RIERGE","description":"","publisher":{"@id":"https:\/\/rierge.com\/en\/#organization"},"potentialAction":[{"@type":"SearchAction","target":{"@type":"EntryPoint","urlTemplate":"https:\/\/rierge.com\/en\/?s={search_term_string}"},"query-input":{"@type":"PropertyValueSpecification","valueRequired":true,"valueName":"search_term_string"}}],"inLanguage":"fr-FR"},{"@type":"Organization","@id":"https:\/\/rierge.com\/en\/#organization","name":"Rierge","url":"https:\/\/rierge.com\/en\/","logo":{"@type":"ImageObject","inLanguage":"fr-FR","@id":"https:\/\/rierge.com\/en\/#\/schema\/logo\/image\/","url":"https:\/\/rierge.com\/wp-content\/uploads\/2017\/06\/logo-rierge-desde-1954.jpg","contentUrl":"https:\/\/rierge.com\/wp-content\/uploads\/2017\/06\/logo-rierge-desde-1954.jpg","width":180,"height":50,"caption":"Rierge"},"image":{"@id":"https:\/\/rierge.com\/en\/#\/schema\/logo\/image\/"}},{"@type":"Person","@id":"https:\/\/rierge.com\/en\/#\/schema\/person\/a700fc52e66409a731fa608758a0a708","name":"admin","image":{"@type":"ImageObject","inLanguage":"fr-FR","@id":"https:\/\/rierge.com\/en\/#\/schema\/person\/image\/","url":"https:\/\/secure.gravatar.com\/avatar\/ae6430de1af9824c021c1ada823187a8?s=96&d=mm&r=g","contentUrl":"https:\/\/secure.gravatar.com\/avatar\/ae6430de1af9824c021c1ada823187a8?s=96&d=mm&r=g","caption":"admin"},"url":"https:\/\/rierge.com\/fr\/author\/admin\/"}]}},"_links":{"self":[{"href":"https:\/\/rierge.com\/fr\/wp-json\/wp\/v2\/posts\/7688","targetHints":{"allow":["GET"]}}],"collection":[{"href":"https:\/\/rierge.com\/fr\/wp-json\/wp\/v2\/posts"}],"about":[{"href":"https:\/\/rierge.com\/fr\/wp-json\/wp\/v2\/types\/post"}],"author":[{"embeddable":true,"href":"https:\/\/rierge.com\/fr\/wp-json\/wp\/v2\/users\/1"}],"replies":[{"embeddable":true,"href":"https:\/\/rierge.com\/fr\/wp-json\/wp\/v2\/comments?post=7688"}],"version-history":[{"count":7,"href":"https:\/\/rierge.com\/fr\/wp-json\/wp\/v2\/posts\/7688\/revisions"}],"predecessor-version":[{"id":7815,"href":"https:\/\/rierge.com\/fr\/wp-json\/wp\/v2\/posts\/7688\/revisions\/7815"}],"wp:featuredmedia":[{"embeddable":true,"href":"https:\/\/rierge.com\/fr\/wp-json\/wp\/v2\/media\/7689"}],"wp:attachment":[{"href":"https:\/\/rierge.com\/fr\/wp-json\/wp\/v2\/media?parent=7688"}],"wp:term":[{"taxonomy":"category","embeddable":true,"href":"https:\/\/rierge.com\/fr\/wp-json\/wp\/v2\/categories?post=7688"},{"taxonomy":"post_tag","embeddable":true,"href":"https:\/\/rierge.com\/fr\/wp-json\/wp\/v2\/tags?post=7688"}],"curies":[{"name":"wp","href":"https:\/\/api.w.org\/{rel}","templated":true}]}}