{"id":5497,"date":"2019-03-18T17:04:40","date_gmt":"2019-03-18T17:04:40","guid":{"rendered":"http:\/\/rierge.com\/es\/?p=5497"},"modified":"2019-04-12T11:03:47","modified_gmt":"2019-04-12T11:03:47","slug":"fustes-montgros-amplia-su-capacidad-de-servicio-con-un-cinco-ejes-de-rierge","status":"publish","type":"post","link":"https:\/\/rierge.com\/fr\/2019\/03\/18\/fustes-montgros-amplia-su-capacidad-de-servicio-con-un-cinco-ejes-de-rierge\/","title":{"rendered":"FUSTES MONTGR\u00d2S expands its service capacity, with a RIERGE&rsquo;s 5 axis"},"content":{"rendered":"<p><\/p>\n<p style=\"text-align: right;\"><span style=\"color: #999999;\">18\/02\/2019<\/span><\/p>\n<p style=\"text-align: justify;\">Fustes Montgr\u00f2s,was founded in 1942 (last year they celebrated its 75<sup>th<\/sup> birthday). Located in the industrail polygon of Sant Pere Malanta, next to Vilafranda del Pened\u00e8s (Barcelona), it has <strong>15.000 m<sup>2<\/sup> installations.<\/strong><\/p>\n<p style=\"text-align: justify;\"><strong>A ZERO KILOMETER SUPPLIER<br \/>\n <\/strong><\/p>\n<p style=\"text-align: justify;\"><a href=\"http:\/\/www.montgros.com\/\" target=\"_blank\" rel=\"noopener\">FUSTES MONTGROS<\/a> chose RIERGE for its machines&rsquo; robustness and its extensive benefits, well contrasted. \u00ab\u00a0<em>We were lookit at several options. RIERGE is specialist in machining centers, and they hlandle very advanced technology. For us RIERGE is a zero kilometer supplier; we value their proximity and the fact of being a spanish manufacturer &#8211;<\/em>explains Jordi Rovira<em>-. All the components of the RIERGE&rsquo;s machines are easily to find. And their technical service is fast and efficient\u00a0\u00bb.<\/em><\/p>\n<p><a href=\"https:\/\/madera-sostenible.com\/tablero\/fustes-montgros-amplia-su-capacidad-de-servicio-con-un-cinco-ejes-de-rierge\/\" target=\"_blank\" rel=\"noopener\">Madera Sostenible&rsquo;s article<\/a><\/p>\n<p><\/p>","protected":false},"excerpt":{"rendered":"<p>18\/02\/2019 Fustes Montgr\u00f2s,was founded in 1942 (last year they celebrated its 75th birthday). Located in the industrail polygon of Sant Pere Malanta, next to Vilafranda del Pened\u00e8s (Barcelona), it has 15.000 m2 installations. A ZERO KILOMETER SUPPLIER FUSTES MONTGROS chose RIERGE for its machines&rsquo; robustness and its extensive benefits, well contrasted. \u00ab\u00a0We were lookit at [&hellip;]<\/p>\n","protected":false},"author":1,"featured_media":5498,"comment_status":"closed","ping_status":"closed","sticky":false,"template":"","format":"standard","meta":{"footnotes":""},"categories":[1],"tags":[],"class_list":["post-5497","post","type-post","status-publish","format-standard","has-post-thumbnail","hentry","category-sin-categoria"],"yoast_head":"<!-- This site is optimized with the Yoast SEO Premium plugin v18.4 (Yoast SEO v24.9) - https:\/\/yoast.com\/wordpress\/plugins\/seo\/ -->\n<title>FUSTES MONTGR\u00d2S expands its service capacity, with a RIERGE&#039;s 5 axis  - RIERGE<\/title>\n<meta name=\"description\" content=\"18\/02\/2019 Fustes Montgr\u00f2s, fu\u00e9 fundada en 1942 (el a\u00f1o pasado celebr\u00f3 su 75 aniversario). Ubicada en el pol\u00edgono de Sant Pere Molanta, junto a Vilafranca\" \/>\n<meta name=\"robots\" content=\"index, follow, max-snippet:-1, max-image-preview:large, max-video-preview:-1\" \/>\n<link rel=\"canonical\" href=\"https:\/\/rierge.com\/en\/2019\/03\/18\/espanol-fustes-montgros-amplia-su-capacidad-de-servicio-con-un-cinco-ejes-de-rierge\/\" \/>\n<meta property=\"og:locale\" content=\"fr_FR\" \/>\n<meta property=\"og:type\" content=\"article\" \/>\n<meta property=\"og:title\" content=\"[:es]FUSTES MONTGROS ampl\u00eda su capacidad de servicio, con un cinco ejes de RIERGE[:ca]FUSTES MONTGR\u00d2S amplia la seva capacitat de servei, amb un cinc eixos de RIERGE[:en]FUSTES MONTGR\u00d2S expands its service capacity, with a RIERGE&#039;s 5 axis [:fr]FUSTES MONTGR\u00d2S expands its service capacity, with a RIERGE&#039;s 5 axis [:pb]FUSTES MONTGROS ampl\u00eda su capacidad de servicio, con un cinco ejes de RIERGE[:]\" \/>\n<meta property=\"og:description\" content=\"18\/02\/2019 Fustes Montgr\u00f2s, fu\u00e9 fundada en 1942 (el a\u00f1o pasado celebr\u00f3 su 75 aniversario). Ubicada en el pol\u00edgono de Sant Pere Molanta, junto a Vilafranca\" \/>\n<meta property=\"og:url\" content=\"https:\/\/rierge.com\/en\/2019\/03\/18\/espanol-fustes-montgros-amplia-su-capacidad-de-servicio-con-un-cinco-ejes-de-rierge\/\" \/>\n<meta property=\"og:site_name\" content=\"RIERGE\" \/>\n<meta property=\"article:published_time\" content=\"2019-03-18T17:04:40+00:00\" \/>\n<meta property=\"article:modified_time\" content=\"2019-04-12T11:03:47+00:00\" \/>\n<meta property=\"og:image\" content=\"https:\/\/rierge.com\/wp-content\/uploads\/2019\/03\/RIERGE_Fustes_Montgros_17.jpg\" \/>\n\t<meta property=\"og:image:width\" content=\"1300\" \/>\n\t<meta property=\"og:image:height\" content=\"867\" \/>\n\t<meta property=\"og:image:type\" content=\"image\/jpeg\" \/>\n<meta name=\"author\" content=\"admin\" \/>\n<meta name=\"twitter:card\" content=\"summary_large_image\" \/>\n<meta name=\"twitter:label1\" content=\"\u00c9crit par\" \/>\n\t<meta name=\"twitter:data1\" content=\"admin\" \/>\n\t<meta name=\"twitter:label2\" content=\"Dur\u00e9e de lecture estim\u00e9e\" \/>\n\t<meta name=\"twitter:data2\" content=\"3 minutes\" \/>\n<script type=\"application\/ld+json\" class=\"yoast-schema-graph\">{\"@context\":\"https:\/\/schema.org\",\"@graph\":[{\"@type\":\"Article\",\"@id\":\"https:\/\/rierge.com\/en\/2019\/03\/18\/espanol-fustes-montgros-amplia-su-capacidad-de-servicio-con-un-cinco-ejes-de-rierge\/#article\",\"isPartOf\":{\"@id\":\"https:\/\/rierge.com\/en\/2019\/03\/18\/espanol-fustes-montgros-amplia-su-capacidad-de-servicio-con-un-cinco-ejes-de-rierge\/\"},\"author\":{\"name\":\"admin\",\"@id\":\"https:\/\/rierge.com\/en\/#\/schema\/person\/a700fc52e66409a731fa608758a0a708\"},\"headline\":\"FUSTES MONTGR\u00d2S expands its service capacity, with a RIERGE&rsquo;s 5 axis\",\"datePublished\":\"2019-03-18T17:04:40+00:00\",\"dateModified\":\"2019-04-12T11:03:47+00:00\",\"mainEntityOfPage\":{\"@id\":\"https:\/\/rierge.com\/en\/2019\/03\/18\/espanol-fustes-montgros-amplia-su-capacidad-de-servicio-con-un-cinco-ejes-de-rierge\/\"},\"wordCount\":700,\"publisher\":{\"@id\":\"https:\/\/rierge.com\/en\/#organization\"},\"image\":{\"@id\":\"https:\/\/rierge.com\/en\/2019\/03\/18\/espanol-fustes-montgros-amplia-su-capacidad-de-servicio-con-un-cinco-ejes-de-rierge\/#primaryimage\"},\"thumbnailUrl\":\"https:\/\/rierge.com\/wp-content\/uploads\/2019\/03\/RIERGE_Fustes_Montgros_17.jpg\",\"articleSection\":[\"Sin categor\u00eda\"],\"inLanguage\":\"fr-FR\"},{\"@type\":\"WebPage\",\"@id\":\"https:\/\/rierge.com\/en\/2019\/03\/18\/espanol-fustes-montgros-amplia-su-capacidad-de-servicio-con-un-cinco-ejes-de-rierge\/\",\"url\":\"https:\/\/rierge.com\/en\/2019\/03\/18\/espanol-fustes-montgros-amplia-su-capacidad-de-servicio-con-un-cinco-ejes-de-rierge\/\",\"name\":\"[:es]FUSTES MONTGROS ampl\u00eda su capacidad de servicio, con un cinco ejes de RIERGE[:ca]FUSTES MONTGR\u00d2S amplia la seva capacitat de servei, amb un cinc eixos de RIERGE[:en]FUSTES MONTGR\u00d2S expands its service capacity, with a RIERGE's 5 axis [:fr]FUSTES MONTGR\u00d2S expands its service capacity, with a RIERGE's 5 axis [:pb]FUSTES MONTGROS ampl\u00eda su capacidad de servicio, con un cinco ejes de RIERGE[:] - RIERGE\",\"isPartOf\":{\"@id\":\"https:\/\/rierge.com\/en\/#website\"},\"primaryImageOfPage\":{\"@id\":\"https:\/\/rierge.com\/en\/2019\/03\/18\/espanol-fustes-montgros-amplia-su-capacidad-de-servicio-con-un-cinco-ejes-de-rierge\/#primaryimage\"},\"image\":{\"@id\":\"https:\/\/rierge.com\/en\/2019\/03\/18\/espanol-fustes-montgros-amplia-su-capacidad-de-servicio-con-un-cinco-ejes-de-rierge\/#primaryimage\"},\"thumbnailUrl\":\"https:\/\/rierge.com\/wp-content\/uploads\/2019\/03\/RIERGE_Fustes_Montgros_17.jpg\",\"datePublished\":\"2019-03-18T17:04:40+00:00\",\"dateModified\":\"2019-04-12T11:03:47+00:00\",\"description\":\"18\/02\/2019 Fustes Montgr\u00f2s, fu\u00e9 fundada en 1942 (el a\u00f1o pasado celebr\u00f3 su 75 aniversario). Ubicada en el pol\u00edgono de Sant Pere Molanta, junto a Vilafranca\",\"breadcrumb\":{\"@id\":\"https:\/\/rierge.com\/en\/2019\/03\/18\/espanol-fustes-montgros-amplia-su-capacidad-de-servicio-con-un-cinco-ejes-de-rierge\/#breadcrumb\"},\"inLanguage\":\"fr-FR\",\"potentialAction\":[{\"@type\":\"ReadAction\",\"target\":[\"https:\/\/rierge.com\/en\/2019\/03\/18\/espanol-fustes-montgros-amplia-su-capacidad-de-servicio-con-un-cinco-ejes-de-rierge\/\"]}]},{\"@type\":\"ImageObject\",\"inLanguage\":\"fr-FR\",\"@id\":\"https:\/\/rierge.com\/en\/2019\/03\/18\/espanol-fustes-montgros-amplia-su-capacidad-de-servicio-con-un-cinco-ejes-de-rierge\/#primaryimage\",\"url\":\"https:\/\/rierge.com\/wp-content\/uploads\/2019\/03\/RIERGE_Fustes_Montgros_17.jpg\",\"contentUrl\":\"https:\/\/rierge.com\/wp-content\/uploads\/2019\/03\/RIERGE_Fustes_Montgros_17.jpg\",\"width\":1300,\"height\":867},{\"@type\":\"BreadcrumbList\",\"@id\":\"https:\/\/rierge.com\/en\/2019\/03\/18\/espanol-fustes-montgros-amplia-su-capacidad-de-servicio-con-un-cinco-ejes-de-rierge\/#breadcrumb\",\"itemListElement\":[{\"@type\":\"ListItem\",\"position\":1,\"name\":\"Home\",\"item\":\"https:\/\/rierge.com\/\"},{\"@type\":\"ListItem\",\"position\":2,\"name\":\"FUSTES MONTGR\u00d2S expands its service capacity, with a RIERGE&#8217;s 5 axis\"}]},{\"@type\":\"WebSite\",\"@id\":\"https:\/\/rierge.com\/en\/#website\",\"url\":\"https:\/\/rierge.com\/en\/\",\"name\":\"RIERGE\",\"description\":\"\",\"publisher\":{\"@id\":\"https:\/\/rierge.com\/en\/#organization\"},\"potentialAction\":[{\"@type\":\"SearchAction\",\"target\":{\"@type\":\"EntryPoint\",\"urlTemplate\":\"https:\/\/rierge.com\/en\/?s={search_term_string}\"},\"query-input\":{\"@type\":\"PropertyValueSpecification\",\"valueRequired\":true,\"valueName\":\"search_term_string\"}}],\"inLanguage\":\"fr-FR\"},{\"@type\":\"Organization\",\"@id\":\"https:\/\/rierge.com\/en\/#organization\",\"name\":\"Rierge\",\"url\":\"https:\/\/rierge.com\/en\/\",\"logo\":{\"@type\":\"ImageObject\",\"inLanguage\":\"fr-FR\",\"@id\":\"https:\/\/rierge.com\/en\/#\/schema\/logo\/image\/\",\"url\":\"https:\/\/rierge.com\/wp-content\/uploads\/2017\/06\/logo-rierge-desde-1954.jpg\",\"contentUrl\":\"https:\/\/rierge.com\/wp-content\/uploads\/2017\/06\/logo-rierge-desde-1954.jpg\",\"width\":180,\"height\":50,\"caption\":\"Rierge\"},\"image\":{\"@id\":\"https:\/\/rierge.com\/en\/#\/schema\/logo\/image\/\"}},{\"@type\":\"Person\",\"@id\":\"https:\/\/rierge.com\/en\/#\/schema\/person\/a700fc52e66409a731fa608758a0a708\",\"name\":\"admin\",\"image\":{\"@type\":\"ImageObject\",\"inLanguage\":\"fr-FR\",\"@id\":\"https:\/\/rierge.com\/en\/#\/schema\/person\/image\/\",\"url\":\"https:\/\/secure.gravatar.com\/avatar\/ae6430de1af9824c021c1ada823187a8?s=96&d=mm&r=g\",\"contentUrl\":\"https:\/\/secure.gravatar.com\/avatar\/ae6430de1af9824c021c1ada823187a8?s=96&d=mm&r=g\",\"caption\":\"admin\"},\"url\":\"https:\/\/rierge.com\/fr\/author\/admin\/\"}]}<\/script>\n<!-- \/ Yoast SEO Premium plugin. -->","yoast_head_json":{"title":"[:es]FUSTES MONTGROS ampl\u00eda su capacidad de servicio, con un cinco ejes de RIERGE[:ca]FUSTES MONTGR\u00d2S amplia la seva capacitat de servei, amb un cinc eixos de RIERGE[:en]FUSTES MONTGR\u00d2S expands its service capacity, with a RIERGE's 5 axis [:fr]FUSTES MONTGR\u00d2S expands its service capacity, with a RIERGE's 5 axis [:pb]FUSTES MONTGROS ampl\u00eda su capacidad de servicio, con un cinco ejes de RIERGE[:] - RIERGE","description":"18\/02\/2019 Fustes Montgr\u00f2s, fu\u00e9 fundada en 1942 (el a\u00f1o pasado celebr\u00f3 su 75 aniversario). Ubicada en el pol\u00edgono de Sant Pere Molanta, junto a Vilafranca","robots":{"index":"index","follow":"follow","max-snippet":"max-snippet:-1","max-image-preview":"max-image-preview:large","max-video-preview":"max-video-preview:-1"},"canonical":"https:\/\/rierge.com\/en\/2019\/03\/18\/espanol-fustes-montgros-amplia-su-capacidad-de-servicio-con-un-cinco-ejes-de-rierge\/","og_locale":"fr_FR","og_type":"article","og_title":"[:es]FUSTES MONTGROS ampl\u00eda su capacidad de servicio, con un cinco ejes de RIERGE[:ca]FUSTES MONTGR\u00d2S amplia la seva capacitat de servei, amb un cinc eixos de RIERGE[:en]FUSTES MONTGR\u00d2S expands its service capacity, with a RIERGE's 5 axis [:fr]FUSTES MONTGR\u00d2S expands its service capacity, with a RIERGE's 5 axis [:pb]FUSTES MONTGROS ampl\u00eda su capacidad de servicio, con un cinco ejes de RIERGE[:]","og_description":"18\/02\/2019 Fustes Montgr\u00f2s, fu\u00e9 fundada en 1942 (el a\u00f1o pasado celebr\u00f3 su 75 aniversario). Ubicada en el pol\u00edgono de Sant Pere Molanta, junto a Vilafranca","og_url":"https:\/\/rierge.com\/en\/2019\/03\/18\/espanol-fustes-montgros-amplia-su-capacidad-de-servicio-con-un-cinco-ejes-de-rierge\/","og_site_name":"RIERGE","article_published_time":"2019-03-18T17:04:40+00:00","article_modified_time":"2019-04-12T11:03:47+00:00","og_image":[{"width":1300,"height":867,"url":"https:\/\/rierge.com\/wp-content\/uploads\/2019\/03\/RIERGE_Fustes_Montgros_17.jpg","type":"image\/jpeg"}],"author":"admin","twitter_card":"summary_large_image","twitter_misc":{"\u00c9crit par":"admin","Dur\u00e9e de lecture estim\u00e9e":"3 minutes"},"schema":{"@context":"https:\/\/schema.org","@graph":[{"@type":"Article","@id":"https:\/\/rierge.com\/en\/2019\/03\/18\/espanol-fustes-montgros-amplia-su-capacidad-de-servicio-con-un-cinco-ejes-de-rierge\/#article","isPartOf":{"@id":"https:\/\/rierge.com\/en\/2019\/03\/18\/espanol-fustes-montgros-amplia-su-capacidad-de-servicio-con-un-cinco-ejes-de-rierge\/"},"author":{"name":"admin","@id":"https:\/\/rierge.com\/en\/#\/schema\/person\/a700fc52e66409a731fa608758a0a708"},"headline":"FUSTES MONTGR\u00d2S expands its service capacity, with a RIERGE&rsquo;s 5 axis","datePublished":"2019-03-18T17:04:40+00:00","dateModified":"2019-04-12T11:03:47+00:00","mainEntityOfPage":{"@id":"https:\/\/rierge.com\/en\/2019\/03\/18\/espanol-fustes-montgros-amplia-su-capacidad-de-servicio-con-un-cinco-ejes-de-rierge\/"},"wordCount":700,"publisher":{"@id":"https:\/\/rierge.com\/en\/#organization"},"image":{"@id":"https:\/\/rierge.com\/en\/2019\/03\/18\/espanol-fustes-montgros-amplia-su-capacidad-de-servicio-con-un-cinco-ejes-de-rierge\/#primaryimage"},"thumbnailUrl":"https:\/\/rierge.com\/wp-content\/uploads\/2019\/03\/RIERGE_Fustes_Montgros_17.jpg","articleSection":["Sin categor\u00eda"],"inLanguage":"fr-FR"},{"@type":"WebPage","@id":"https:\/\/rierge.com\/en\/2019\/03\/18\/espanol-fustes-montgros-amplia-su-capacidad-de-servicio-con-un-cinco-ejes-de-rierge\/","url":"https:\/\/rierge.com\/en\/2019\/03\/18\/espanol-fustes-montgros-amplia-su-capacidad-de-servicio-con-un-cinco-ejes-de-rierge\/","name":"[:es]FUSTES MONTGROS ampl\u00eda su capacidad de servicio, con un cinco ejes de RIERGE[:ca]FUSTES MONTGR\u00d2S amplia la seva capacitat de servei, amb un cinc eixos de RIERGE[:en]FUSTES MONTGR\u00d2S expands its service capacity, with a RIERGE's 5 axis [:fr]FUSTES MONTGR\u00d2S expands its service capacity, with a RIERGE's 5 axis [:pb]FUSTES MONTGROS ampl\u00eda su capacidad de servicio, con un cinco ejes de RIERGE[:] - RIERGE","isPartOf":{"@id":"https:\/\/rierge.com\/en\/#website"},"primaryImageOfPage":{"@id":"https:\/\/rierge.com\/en\/2019\/03\/18\/espanol-fustes-montgros-amplia-su-capacidad-de-servicio-con-un-cinco-ejes-de-rierge\/#primaryimage"},"image":{"@id":"https:\/\/rierge.com\/en\/2019\/03\/18\/espanol-fustes-montgros-amplia-su-capacidad-de-servicio-con-un-cinco-ejes-de-rierge\/#primaryimage"},"thumbnailUrl":"https:\/\/rierge.com\/wp-content\/uploads\/2019\/03\/RIERGE_Fustes_Montgros_17.jpg","datePublished":"2019-03-18T17:04:40+00:00","dateModified":"2019-04-12T11:03:47+00:00","description":"18\/02\/2019 Fustes Montgr\u00f2s, fu\u00e9 fundada en 1942 (el a\u00f1o pasado celebr\u00f3 su 75 aniversario). Ubicada en el pol\u00edgono de Sant Pere Molanta, junto a Vilafranca","breadcrumb":{"@id":"https:\/\/rierge.com\/en\/2019\/03\/18\/espanol-fustes-montgros-amplia-su-capacidad-de-servicio-con-un-cinco-ejes-de-rierge\/#breadcrumb"},"inLanguage":"fr-FR","potentialAction":[{"@type":"ReadAction","target":["https:\/\/rierge.com\/en\/2019\/03\/18\/espanol-fustes-montgros-amplia-su-capacidad-de-servicio-con-un-cinco-ejes-de-rierge\/"]}]},{"@type":"ImageObject","inLanguage":"fr-FR","@id":"https:\/\/rierge.com\/en\/2019\/03\/18\/espanol-fustes-montgros-amplia-su-capacidad-de-servicio-con-un-cinco-ejes-de-rierge\/#primaryimage","url":"https:\/\/rierge.com\/wp-content\/uploads\/2019\/03\/RIERGE_Fustes_Montgros_17.jpg","contentUrl":"https:\/\/rierge.com\/wp-content\/uploads\/2019\/03\/RIERGE_Fustes_Montgros_17.jpg","width":1300,"height":867},{"@type":"BreadcrumbList","@id":"https:\/\/rierge.com\/en\/2019\/03\/18\/espanol-fustes-montgros-amplia-su-capacidad-de-servicio-con-un-cinco-ejes-de-rierge\/#breadcrumb","itemListElement":[{"@type":"ListItem","position":1,"name":"Home","item":"https:\/\/rierge.com\/"},{"@type":"ListItem","position":2,"name":"FUSTES MONTGR\u00d2S expands its service capacity, with a RIERGE&#8217;s 5 axis"}]},{"@type":"WebSite","@id":"https:\/\/rierge.com\/en\/#website","url":"https:\/\/rierge.com\/en\/","name":"RIERGE","description":"","publisher":{"@id":"https:\/\/rierge.com\/en\/#organization"},"potentialAction":[{"@type":"SearchAction","target":{"@type":"EntryPoint","urlTemplate":"https:\/\/rierge.com\/en\/?s={search_term_string}"},"query-input":{"@type":"PropertyValueSpecification","valueRequired":true,"valueName":"search_term_string"}}],"inLanguage":"fr-FR"},{"@type":"Organization","@id":"https:\/\/rierge.com\/en\/#organization","name":"Rierge","url":"https:\/\/rierge.com\/en\/","logo":{"@type":"ImageObject","inLanguage":"fr-FR","@id":"https:\/\/rierge.com\/en\/#\/schema\/logo\/image\/","url":"https:\/\/rierge.com\/wp-content\/uploads\/2017\/06\/logo-rierge-desde-1954.jpg","contentUrl":"https:\/\/rierge.com\/wp-content\/uploads\/2017\/06\/logo-rierge-desde-1954.jpg","width":180,"height":50,"caption":"Rierge"},"image":{"@id":"https:\/\/rierge.com\/en\/#\/schema\/logo\/image\/"}},{"@type":"Person","@id":"https:\/\/rierge.com\/en\/#\/schema\/person\/a700fc52e66409a731fa608758a0a708","name":"admin","image":{"@type":"ImageObject","inLanguage":"fr-FR","@id":"https:\/\/rierge.com\/en\/#\/schema\/person\/image\/","url":"https:\/\/secure.gravatar.com\/avatar\/ae6430de1af9824c021c1ada823187a8?s=96&d=mm&r=g","contentUrl":"https:\/\/secure.gravatar.com\/avatar\/ae6430de1af9824c021c1ada823187a8?s=96&d=mm&r=g","caption":"admin"},"url":"https:\/\/rierge.com\/fr\/author\/admin\/"}]}},"_links":{"self":[{"href":"https:\/\/rierge.com\/fr\/wp-json\/wp\/v2\/posts\/5497","targetHints":{"allow":["GET"]}}],"collection":[{"href":"https:\/\/rierge.com\/fr\/wp-json\/wp\/v2\/posts"}],"about":[{"href":"https:\/\/rierge.com\/fr\/wp-json\/wp\/v2\/types\/post"}],"author":[{"embeddable":true,"href":"https:\/\/rierge.com\/fr\/wp-json\/wp\/v2\/users\/1"}],"replies":[{"embeddable":true,"href":"https:\/\/rierge.com\/fr\/wp-json\/wp\/v2\/comments?post=5497"}],"version-history":[{"count":0,"href":"https:\/\/rierge.com\/fr\/wp-json\/wp\/v2\/posts\/5497\/revisions"}],"wp:featuredmedia":[{"embeddable":true,"href":"https:\/\/rierge.com\/fr\/wp-json\/wp\/v2\/media\/5498"}],"wp:attachment":[{"href":"https:\/\/rierge.com\/fr\/wp-json\/wp\/v2\/media?parent=5497"}],"wp:term":[{"taxonomy":"category","embeddable":true,"href":"https:\/\/rierge.com\/fr\/wp-json\/wp\/v2\/categories?post=5497"},{"taxonomy":"post_tag","embeddable":true,"href":"https:\/\/rierge.com\/fr\/wp-json\/wp\/v2\/tags?post=5497"}],"curies":[{"name":"wp","href":"https:\/\/api.w.org\/{rel}","templated":true}]}}