{"id":7991,"date":"2025-01-20T10:15:31","date_gmt":"2025-01-20T10:15:31","guid":{"rendered":"https:\/\/rierge.com\/?p=7991"},"modified":"2026-02-04T11:24:47","modified_gmt":"2026-02-04T11:24:47","slug":"almacen-vertical-perfiles","status":"publish","type":"post","link":"https:\/\/rierge.com\/es\/2025\/01\/20\/almacen-vertical-perfiles\/","title":{"rendered":"ALMACEN VERTICAL PERFILES"},"content":{"rendered":"<p><\/p>\n<p style=\"text-align: right;\"><span style=\"color: #999999;\">30\/10\/2024<\/span><\/p>\n<p>Se ha completado la instalaci\u00f3n del almac\u00e9n vertical de perfiles y barras, donde almacenaremos las materias primas de hierro, aluminio y gu\u00edas prism\u00e1ticas.<\/p>\n<p>Con esta inversi\u00f3n, hemos ganado un espacio imprescindible en la zona de soldadura, que nos permite realizar la construcci\u00f3n de tres maquinas simult\u00e1neamente al tiempo que hemos mejorado la seguridad en el trabajo.<\/p>\n<p>Estos sistemas permiten tener un control mayor sobre las existencias y de esa forma poder programar mejor la producci\u00f3n.<\/p>\n<p><img loading=\"lazy\" decoding=\"async\" class=\"alignleft  wp-image-8203\" src=\"https:\/\/rierge.com\/wp-content\/uploads\/2026\/02\/1.-Info-web-Cartel-RIERGEpdf.png\" alt=\"\" width=\"481\" height=\"204\" data-id=\"8203\" srcset=\"https:\/\/rierge.com\/wp-content\/uploads\/2026\/02\/1.-Info-web-Cartel-RIERGEpdf.png 1300w, https:\/\/rierge.com\/wp-content\/uploads\/2026\/02\/1.-Info-web-Cartel-RIERGEpdf-350x149.png 350w, https:\/\/rierge.com\/wp-content\/uploads\/2026\/02\/1.-Info-web-Cartel-RIERGEpdf-768x326.png 768w, https:\/\/rierge.com\/wp-content\/uploads\/2026\/02\/1.-Info-web-Cartel-RIERGEpdf-125x53.png 125w\" sizes=\"auto, (max-width: 481px) 100vw, 481px\" \/><\/p>\n<p>&nbsp;<\/p>","protected":false},"excerpt":{"rendered":"<p>30\/10\/2024 Se ha completado la instalaci\u00f3n del almac\u00e9n vertical de perfiles y barras, donde almacenaremos las materias primas de hierro, aluminio y gu\u00edas prism\u00e1ticas. Con esta inversi\u00f3n, hemos ganado un espacio imprescindible en la zona de soldadura, que nos permite realizar la construcci\u00f3n de tres maquinas simult\u00e1neamente al tiempo que hemos mejorado la seguridad en [&hellip;]<\/p>\n","protected":false},"author":1,"featured_media":7990,"comment_status":"closed","ping_status":"closed","sticky":false,"template":"","format":"standard","meta":{"footnotes":""},"categories":[1],"tags":[],"class_list":["post-7991","post","type-post","status-publish","format-standard","has-post-thumbnail","hentry","category-sin-categoria"],"yoast_head":"<!-- This site is optimized with the Yoast SEO Premium plugin v18.4 (Yoast SEO v24.9) - https:\/\/yoast.com\/wordpress\/plugins\/seo\/ -->\n<title>ALMACEN VERTICAL PERFILES - RIERGE<\/title>\n<meta name=\"description\" content=\"30\/10\/2024 Se ha completado la instalaci\u00f3n del almac\u00e9n vertical de perfiles y barras, donde almacenaremos las materias primas de hierro, aluminio y gu\u00edas\" \/>\n<meta name=\"robots\" content=\"index, follow, max-snippet:-1, max-image-preview:large, max-video-preview:-1\" \/>\n<link rel=\"canonical\" href=\"https:\/\/rierge.com\/2025\/01\/20\/almacen-vertical-perfiles\/\" \/>\n<meta property=\"og:locale\" content=\"es_ES\" \/>\n<meta property=\"og:type\" content=\"article\" \/>\n<meta property=\"og:title\" content=\"[:es]ALMACEN VERTICAL PERFILES[:ca]MAGATZEM VERTICAL PER A PERFILS[:en]VERTICAL WAREHOUSE FOR PROFILES[:fr]MAGASSIN VERTICAL POUR PROFIL\u00c9S[:pb]ARMAZ\u00c9M VERTICAL PARA PERFIS[:]\" \/>\n<meta property=\"og:description\" content=\"30\/10\/2024 Se ha completado la instalaci\u00f3n del almac\u00e9n vertical de perfiles y barras, donde almacenaremos las materias primas de hierro, aluminio y gu\u00edas\" \/>\n<meta property=\"og:url\" content=\"https:\/\/rierge.com\/2025\/01\/20\/almacen-vertical-perfiles\/\" \/>\n<meta property=\"og:site_name\" content=\"RIERGE\" \/>\n<meta property=\"article:published_time\" content=\"2025-01-20T10:15:31+00:00\" \/>\n<meta property=\"article:modified_time\" content=\"2026-02-04T11:24:47+00:00\" \/>\n<meta property=\"og:image\" content=\"https:\/\/rierge.com\/wp-content\/uploads\/2025\/01\/ALMACENES.jpg\" \/>\n\t<meta property=\"og:image:width\" content=\"1300\" \/>\n\t<meta property=\"og:image:height\" content=\"975\" \/>\n\t<meta property=\"og:image:type\" content=\"image\/jpeg\" \/>\n<meta name=\"author\" content=\"admin\" \/>\n<meta name=\"twitter:card\" content=\"summary_large_image\" \/>\n<meta name=\"twitter:label1\" content=\"Escrito por\" \/>\n\t<meta name=\"twitter:data1\" content=\"admin\" \/>\n\t<meta name=\"twitter:label2\" content=\"Tiempo de lectura\" \/>\n\t<meta name=\"twitter:data2\" content=\"1 minuto\" \/>\n<script type=\"application\/ld+json\" class=\"yoast-schema-graph\">{\"@context\":\"https:\/\/schema.org\",\"@graph\":[{\"@type\":\"Article\",\"@id\":\"https:\/\/rierge.com\/2025\/01\/20\/almacen-vertical-perfiles\/#article\",\"isPartOf\":{\"@id\":\"https:\/\/rierge.com\/2025\/01\/20\/almacen-vertical-perfiles\/\"},\"author\":{\"name\":\"admin\",\"@id\":\"https:\/\/rierge.com\/en\/#\/schema\/person\/a700fc52e66409a731fa608758a0a708\"},\"headline\":\"ALMACEN VERTICAL PERFILES\",\"datePublished\":\"2025-01-20T10:15:31+00:00\",\"dateModified\":\"2026-02-04T11:24:47+00:00\",\"mainEntityOfPage\":{\"@id\":\"https:\/\/rierge.com\/2025\/01\/20\/almacen-vertical-perfiles\/\"},\"wordCount\":718,\"publisher\":{\"@id\":\"https:\/\/rierge.com\/en\/#organization\"},\"image\":{\"@id\":\"https:\/\/rierge.com\/2025\/01\/20\/almacen-vertical-perfiles\/#primaryimage\"},\"thumbnailUrl\":\"https:\/\/rierge.com\/wp-content\/uploads\/2025\/01\/ALMACENES.jpg\",\"inLanguage\":\"es\"},{\"@type\":\"WebPage\",\"@id\":\"https:\/\/rierge.com\/2025\/01\/20\/almacen-vertical-perfiles\/\",\"url\":\"https:\/\/rierge.com\/2025\/01\/20\/almacen-vertical-perfiles\/\",\"name\":\"[:es]ALMACEN VERTICAL PERFILES[:ca]MAGATZEM VERTICAL PER A PERFILS[:en]VERTICAL WAREHOUSE FOR PROFILES[:fr]MAGASSIN VERTICAL POUR PROFIL\u00c9S[:pb]ARMAZ\u00c9M VERTICAL PARA PERFIS[:] - RIERGE\",\"isPartOf\":{\"@id\":\"https:\/\/rierge.com\/en\/#website\"},\"primaryImageOfPage\":{\"@id\":\"https:\/\/rierge.com\/2025\/01\/20\/almacen-vertical-perfiles\/#primaryimage\"},\"image\":{\"@id\":\"https:\/\/rierge.com\/2025\/01\/20\/almacen-vertical-perfiles\/#primaryimage\"},\"thumbnailUrl\":\"https:\/\/rierge.com\/wp-content\/uploads\/2025\/01\/ALMACENES.jpg\",\"datePublished\":\"2025-01-20T10:15:31+00:00\",\"dateModified\":\"2026-02-04T11:24:47+00:00\",\"description\":\"30\/10\/2024 Se ha completado la instalaci\u00f3n del almac\u00e9n vertical de perfiles y barras, donde almacenaremos las materias primas de hierro, aluminio y gu\u00edas\",\"breadcrumb\":{\"@id\":\"https:\/\/rierge.com\/2025\/01\/20\/almacen-vertical-perfiles\/#breadcrumb\"},\"inLanguage\":\"es\",\"potentialAction\":[{\"@type\":\"ReadAction\",\"target\":[\"https:\/\/rierge.com\/2025\/01\/20\/almacen-vertical-perfiles\/\"]}]},{\"@type\":\"ImageObject\",\"inLanguage\":\"es\",\"@id\":\"https:\/\/rierge.com\/2025\/01\/20\/almacen-vertical-perfiles\/#primaryimage\",\"url\":\"https:\/\/rierge.com\/wp-content\/uploads\/2025\/01\/ALMACENES.jpg\",\"contentUrl\":\"https:\/\/rierge.com\/wp-content\/uploads\/2025\/01\/ALMACENES.jpg\",\"width\":1300,\"height\":975},{\"@type\":\"BreadcrumbList\",\"@id\":\"https:\/\/rierge.com\/2025\/01\/20\/almacen-vertical-perfiles\/#breadcrumb\",\"itemListElement\":[{\"@type\":\"ListItem\",\"position\":1,\"name\":\"Home\",\"item\":\"https:\/\/rierge.com\/\"},{\"@type\":\"ListItem\",\"position\":2,\"name\":\"ALMACEN VERTICAL PERFILES\"}]},{\"@type\":\"WebSite\",\"@id\":\"https:\/\/rierge.com\/en\/#website\",\"url\":\"https:\/\/rierge.com\/en\/\",\"name\":\"RIERGE\",\"description\":\"\",\"publisher\":{\"@id\":\"https:\/\/rierge.com\/en\/#organization\"},\"potentialAction\":[{\"@type\":\"SearchAction\",\"target\":{\"@type\":\"EntryPoint\",\"urlTemplate\":\"https:\/\/rierge.com\/en\/?s={search_term_string}\"},\"query-input\":{\"@type\":\"PropertyValueSpecification\",\"valueRequired\":true,\"valueName\":\"search_term_string\"}}],\"inLanguage\":\"es\"},{\"@type\":\"Organization\",\"@id\":\"https:\/\/rierge.com\/en\/#organization\",\"name\":\"Rierge\",\"url\":\"https:\/\/rierge.com\/en\/\",\"logo\":{\"@type\":\"ImageObject\",\"inLanguage\":\"es\",\"@id\":\"https:\/\/rierge.com\/en\/#\/schema\/logo\/image\/\",\"url\":\"https:\/\/rierge.com\/wp-content\/uploads\/2017\/06\/logo-rierge-desde-1954.jpg\",\"contentUrl\":\"https:\/\/rierge.com\/wp-content\/uploads\/2017\/06\/logo-rierge-desde-1954.jpg\",\"width\":180,\"height\":50,\"caption\":\"Rierge\"},\"image\":{\"@id\":\"https:\/\/rierge.com\/en\/#\/schema\/logo\/image\/\"}},{\"@type\":\"Person\",\"@id\":\"https:\/\/rierge.com\/en\/#\/schema\/person\/a700fc52e66409a731fa608758a0a708\",\"name\":\"admin\",\"image\":{\"@type\":\"ImageObject\",\"inLanguage\":\"es\",\"@id\":\"https:\/\/rierge.com\/en\/#\/schema\/person\/image\/\",\"url\":\"https:\/\/secure.gravatar.com\/avatar\/ae6430de1af9824c021c1ada823187a8?s=96&d=mm&r=g\",\"contentUrl\":\"https:\/\/secure.gravatar.com\/avatar\/ae6430de1af9824c021c1ada823187a8?s=96&d=mm&r=g\",\"caption\":\"admin\"},\"url\":\"https:\/\/rierge.com\/es\/author\/admin\/\"}]}<\/script>\n<!-- \/ Yoast SEO Premium plugin. -->","yoast_head_json":{"title":"[:es]ALMACEN VERTICAL PERFILES[:ca]MAGATZEM VERTICAL PER A PERFILS[:en]VERTICAL WAREHOUSE FOR PROFILES[:fr]MAGASSIN VERTICAL POUR PROFIL\u00c9S[:pb]ARMAZ\u00c9M VERTICAL PARA PERFIS[:] - RIERGE","description":"30\/10\/2024 Se ha completado la instalaci\u00f3n del almac\u00e9n vertical de perfiles y barras, donde almacenaremos las materias primas de hierro, aluminio y gu\u00edas","robots":{"index":"index","follow":"follow","max-snippet":"max-snippet:-1","max-image-preview":"max-image-preview:large","max-video-preview":"max-video-preview:-1"},"canonical":"https:\/\/rierge.com\/2025\/01\/20\/almacen-vertical-perfiles\/","og_locale":"es_ES","og_type":"article","og_title":"[:es]ALMACEN VERTICAL PERFILES[:ca]MAGATZEM VERTICAL PER A PERFILS[:en]VERTICAL WAREHOUSE FOR PROFILES[:fr]MAGASSIN VERTICAL POUR PROFIL\u00c9S[:pb]ARMAZ\u00c9M VERTICAL PARA PERFIS[:]","og_description":"30\/10\/2024 Se ha completado la instalaci\u00f3n del almac\u00e9n vertical de perfiles y barras, donde almacenaremos las materias primas de hierro, aluminio y gu\u00edas","og_url":"https:\/\/rierge.com\/2025\/01\/20\/almacen-vertical-perfiles\/","og_site_name":"RIERGE","article_published_time":"2025-01-20T10:15:31+00:00","article_modified_time":"2026-02-04T11:24:47+00:00","og_image":[{"width":1300,"height":975,"url":"https:\/\/rierge.com\/wp-content\/uploads\/2025\/01\/ALMACENES.jpg","type":"image\/jpeg"}],"author":"admin","twitter_card":"summary_large_image","twitter_misc":{"Escrito por":"admin","Tiempo de lectura":"1 minuto"},"schema":{"@context":"https:\/\/schema.org","@graph":[{"@type":"Article","@id":"https:\/\/rierge.com\/2025\/01\/20\/almacen-vertical-perfiles\/#article","isPartOf":{"@id":"https:\/\/rierge.com\/2025\/01\/20\/almacen-vertical-perfiles\/"},"author":{"name":"admin","@id":"https:\/\/rierge.com\/en\/#\/schema\/person\/a700fc52e66409a731fa608758a0a708"},"headline":"ALMACEN VERTICAL PERFILES","datePublished":"2025-01-20T10:15:31+00:00","dateModified":"2026-02-04T11:24:47+00:00","mainEntityOfPage":{"@id":"https:\/\/rierge.com\/2025\/01\/20\/almacen-vertical-perfiles\/"},"wordCount":718,"publisher":{"@id":"https:\/\/rierge.com\/en\/#organization"},"image":{"@id":"https:\/\/rierge.com\/2025\/01\/20\/almacen-vertical-perfiles\/#primaryimage"},"thumbnailUrl":"https:\/\/rierge.com\/wp-content\/uploads\/2025\/01\/ALMACENES.jpg","inLanguage":"es"},{"@type":"WebPage","@id":"https:\/\/rierge.com\/2025\/01\/20\/almacen-vertical-perfiles\/","url":"https:\/\/rierge.com\/2025\/01\/20\/almacen-vertical-perfiles\/","name":"[:es]ALMACEN VERTICAL PERFILES[:ca]MAGATZEM VERTICAL PER A PERFILS[:en]VERTICAL WAREHOUSE FOR PROFILES[:fr]MAGASSIN VERTICAL POUR PROFIL\u00c9S[:pb]ARMAZ\u00c9M VERTICAL PARA PERFIS[:] - RIERGE","isPartOf":{"@id":"https:\/\/rierge.com\/en\/#website"},"primaryImageOfPage":{"@id":"https:\/\/rierge.com\/2025\/01\/20\/almacen-vertical-perfiles\/#primaryimage"},"image":{"@id":"https:\/\/rierge.com\/2025\/01\/20\/almacen-vertical-perfiles\/#primaryimage"},"thumbnailUrl":"https:\/\/rierge.com\/wp-content\/uploads\/2025\/01\/ALMACENES.jpg","datePublished":"2025-01-20T10:15:31+00:00","dateModified":"2026-02-04T11:24:47+00:00","description":"30\/10\/2024 Se ha completado la instalaci\u00f3n del almac\u00e9n vertical de perfiles y barras, donde almacenaremos las materias primas de hierro, aluminio y gu\u00edas","breadcrumb":{"@id":"https:\/\/rierge.com\/2025\/01\/20\/almacen-vertical-perfiles\/#breadcrumb"},"inLanguage":"es","potentialAction":[{"@type":"ReadAction","target":["https:\/\/rierge.com\/2025\/01\/20\/almacen-vertical-perfiles\/"]}]},{"@type":"ImageObject","inLanguage":"es","@id":"https:\/\/rierge.com\/2025\/01\/20\/almacen-vertical-perfiles\/#primaryimage","url":"https:\/\/rierge.com\/wp-content\/uploads\/2025\/01\/ALMACENES.jpg","contentUrl":"https:\/\/rierge.com\/wp-content\/uploads\/2025\/01\/ALMACENES.jpg","width":1300,"height":975},{"@type":"BreadcrumbList","@id":"https:\/\/rierge.com\/2025\/01\/20\/almacen-vertical-perfiles\/#breadcrumb","itemListElement":[{"@type":"ListItem","position":1,"name":"Home","item":"https:\/\/rierge.com\/"},{"@type":"ListItem","position":2,"name":"ALMACEN VERTICAL PERFILES"}]},{"@type":"WebSite","@id":"https:\/\/rierge.com\/en\/#website","url":"https:\/\/rierge.com\/en\/","name":"RIERGE","description":"","publisher":{"@id":"https:\/\/rierge.com\/en\/#organization"},"potentialAction":[{"@type":"SearchAction","target":{"@type":"EntryPoint","urlTemplate":"https:\/\/rierge.com\/en\/?s={search_term_string}"},"query-input":{"@type":"PropertyValueSpecification","valueRequired":true,"valueName":"search_term_string"}}],"inLanguage":"es"},{"@type":"Organization","@id":"https:\/\/rierge.com\/en\/#organization","name":"Rierge","url":"https:\/\/rierge.com\/en\/","logo":{"@type":"ImageObject","inLanguage":"es","@id":"https:\/\/rierge.com\/en\/#\/schema\/logo\/image\/","url":"https:\/\/rierge.com\/wp-content\/uploads\/2017\/06\/logo-rierge-desde-1954.jpg","contentUrl":"https:\/\/rierge.com\/wp-content\/uploads\/2017\/06\/logo-rierge-desde-1954.jpg","width":180,"height":50,"caption":"Rierge"},"image":{"@id":"https:\/\/rierge.com\/en\/#\/schema\/logo\/image\/"}},{"@type":"Person","@id":"https:\/\/rierge.com\/en\/#\/schema\/person\/a700fc52e66409a731fa608758a0a708","name":"admin","image":{"@type":"ImageObject","inLanguage":"es","@id":"https:\/\/rierge.com\/en\/#\/schema\/person\/image\/","url":"https:\/\/secure.gravatar.com\/avatar\/ae6430de1af9824c021c1ada823187a8?s=96&d=mm&r=g","contentUrl":"https:\/\/secure.gravatar.com\/avatar\/ae6430de1af9824c021c1ada823187a8?s=96&d=mm&r=g","caption":"admin"},"url":"https:\/\/rierge.com\/es\/author\/admin\/"}]}},"_links":{"self":[{"href":"https:\/\/rierge.com\/es\/wp-json\/wp\/v2\/posts\/7991","targetHints":{"allow":["GET"]}}],"collection":[{"href":"https:\/\/rierge.com\/es\/wp-json\/wp\/v2\/posts"}],"about":[{"href":"https:\/\/rierge.com\/es\/wp-json\/wp\/v2\/types\/post"}],"author":[{"embeddable":true,"href":"https:\/\/rierge.com\/es\/wp-json\/wp\/v2\/users\/1"}],"replies":[{"embeddable":true,"href":"https:\/\/rierge.com\/es\/wp-json\/wp\/v2\/comments?post=7991"}],"version-history":[{"count":5,"href":"https:\/\/rierge.com\/es\/wp-json\/wp\/v2\/posts\/7991\/revisions"}],"predecessor-version":[{"id":8204,"href":"https:\/\/rierge.com\/es\/wp-json\/wp\/v2\/posts\/7991\/revisions\/8204"}],"wp:featuredmedia":[{"embeddable":true,"href":"https:\/\/rierge.com\/es\/wp-json\/wp\/v2\/media\/7990"}],"wp:attachment":[{"href":"https:\/\/rierge.com\/es\/wp-json\/wp\/v2\/media?parent=7991"}],"wp:term":[{"taxonomy":"category","embeddable":true,"href":"https:\/\/rierge.com\/es\/wp-json\/wp\/v2\/categories?post=7991"},{"taxonomy":"post_tag","embeddable":true,"href":"https:\/\/rierge.com\/es\/wp-json\/wp\/v2\/tags?post=7991"}],"curies":[{"name":"wp","href":"https:\/\/api.w.org\/{rel}","templated":true}]}}