{"id":6084,"date":"2020-04-16T18:41:00","date_gmt":"2020-04-16T18:41:00","guid":{"rendered":"http:\/\/rierge.com\/es\/?p=6084"},"modified":"2020-05-07T09:31:30","modified_gmt":"2020-05-07T09:31:30","slug":"portugues-do-brasil-fimma-covid19","status":"publish","type":"post","link":"https:\/\/rierge.com\/es\/2020\/04\/16\/portugues-do-brasil-fimma-covid19\/","title":{"rendered":"FIMMA \/ COVID19 Opini\u00f3n Santi Riera, Presidente comit\u00e9 FIMMA"},"content":{"rendered":"<p><\/p>\n<p style=\"text-align: right;\"><span style=\"color: #999999;\">16\/04\/2020<\/span><\/p>\n<p style=\"text-align: justify;\">La lenta evoluci\u00f3n que est\u00e1 teniendo el control de COVID-19 hace que, a 47 d\u00edas de la inauguraci\u00f3n del FIMMA \/ MADERALIA 2020, la organizaci\u00f3n del evento haya tomado la decisi\u00f3n de suspender la celebraci\u00f3n del sal\u00f3n, con el fin de preservar la salud de expositores y visitantes.<\/p>\n<p style=\"text-align: justify;\">En estos momentos todo son preguntas sin respuesta por lo que hemos decidido darnos un tiempo para ver c\u00f3mo evoluciona el contagio, qu\u00e9 soluciones nos puede aportar la industria farmac\u00e9utica y poder tomar el pulso a nuestro sector despu\u00e9s de que se pueda retornar a una normalidad que de buen seguro ser\u00e1 excepcional.<\/p>\n<p style=\"text-align: justify;\">El \u00e1nimo de los comit\u00e9s organizadores de FIMMA\/MADERALIA es el de encontrar el momento adecuado para llevar a cabo el evento que, a primeros de este a\u00f1o 2020 se nos presentaba como excepcional, con gran inter\u00e9s de participaci\u00f3n de expositores y de asistencia de visitantes.<\/p>\n<p><!--more--><\/p>\n<p style=\"text-align: justify;\">No s\u00e9 si mi consejo sirve de algo, pero experiencia os prometo que tengo ya bastante, es lo que dan los a\u00f1os. Un porcentaje muy alto de percepci\u00f3n de las crisis, viene dada por esos comentaristas de medios de comunicaci\u00f3n que se atreven a emitir opiniones como sentencias sea cual sea el tema que les ocupe y que, por desgracia, tienen influencia sobre quienes les escuchamos. Ante las crisis, el mejor remedio es ser positivos y creativos, eso nos ayuda a mejorar y evolucionar.<\/p>\n<p style=\"text-align: justify;\">No se puede consentir que un pol\u00edtico lance unas previsiones y que nos diga que eso va a ser peor que la segunda guerra mundial.<\/p>\n<p style=\"text-align: justify;\">La segunda guerra mundial destroz\u00f3 ciudades, centros de trabajo, infraestructuras, murieron muchos hombres en edad de trabajar y las tierras quedaron en manos de mujeres, ni\u00f1os y ancianos sin medios mec\u00e1nicos, lo cual hizo que todo fuera much\u00edsimo m\u00e1s duro. Por favor no hagan estas comparaciones, es una irresponsabilidad, y m\u00e1s si tenemos en cuenta que si en Espa\u00f1a hemos alcanzado los valores de afectados que tenemos ha sido por su mala gesti\u00f3n, su falta de previsi\u00f3n y su desidia de no tener los medios necesarios de protecci\u00f3n para nuestros sanitarios, que han sido quienes m\u00e1s se han contagiado y han transmitido el virus.<\/p>\n<p style=\"text-align: justify;\">Tengamos en cuenta que en esta crisis, los bancos est\u00e1n abiertos al cr\u00e9dito, a unos tipos realmente interesantes, que est\u00e1bamos en un momento \u00e1lgido de la demanda, el aumento del paro ser\u00e1 por un periodo no muy largo, ya que la mayor\u00eda de puestos de trabajo no se han destruido. Es cierto que hay sectores que van a quedar seriamente afectados, turismo, restauraci\u00f3n, moda, pero entre todos tenemos que colaborar para ayudar a que retomen una cierta normalidad a medio plazo, y podemos hacerlo.<\/p>\n<p style=\"text-align: justify;\">Santiago Riera.<\/p>\n<p style=\"text-align: justify;\">Presidente comit\u00e9 organizador FIMMA\/VALENCIA.<\/p>\n<p>&nbsp;<\/p>\n<p>&nbsp;<\/p>\n<p><\/p>","protected":false},"excerpt":{"rendered":"<p>16\/04\/2020 La lenta evoluci\u00f3n que est\u00e1 teniendo el control de COVID-19 hace que, a 47 d\u00edas de la inauguraci\u00f3n del FIMMA \/ MADERALIA 2020, la organizaci\u00f3n del evento haya tomado la decisi\u00f3n de suspender la celebraci\u00f3n del sal\u00f3n, con el fin de preservar la salud de expositores y visitantes. En estos momentos todo son preguntas [&hellip;]<\/p>\n","protected":false},"author":1,"featured_media":0,"comment_status":"closed","ping_status":"closed","sticky":false,"template":"","format":"standard","meta":{"footnotes":""},"categories":[1],"tags":[],"class_list":["post-6084","post","type-post","status-publish","format-standard","hentry","category-sin-categoria"],"yoast_head":"<!-- This site is optimized with the Yoast SEO Premium plugin v18.4 (Yoast SEO v24.9) - https:\/\/yoast.com\/wordpress\/plugins\/seo\/ -->\n<title>FIMMA \/ COVID19 Opini\u00f3n Santi Riera, Presidente comit\u00e9 FIMMA - RIERGE<\/title>\n<meta name=\"description\" content=\"16\/04\/2020 La lenta evoluci\u00f3n que est\u00e1 teniendo el control de COVID-19 hace que, a 47 d\u00edas de la inauguraci\u00f3n del FIMMA \/ MADERALIA 2020, la organizaci\u00f3n\" \/>\n<meta name=\"robots\" content=\"index, follow, max-snippet:-1, max-image-preview:large, max-video-preview:-1\" \/>\n<link rel=\"canonical\" href=\"https:\/\/rierge.com\/fr\/2020\/04\/16\/portugues-do-brasil-fimma-covid19\/\" \/>\n<meta property=\"og:locale\" content=\"es_ES\" \/>\n<meta property=\"og:type\" content=\"article\" \/>\n<meta property=\"og:title\" content=\"[:es]FIMMA \/ COVID19 Opini\u00f3n Santi Riera, Presidente comit\u00e9 FIMMA[:ca]FIMMA \/ COVID19 Opini\u00f3 Santi Riera, President comit\u00e8 FIMMA[:pb]FIMMA - COVID19[:]\" \/>\n<meta property=\"og:description\" content=\"16\/04\/2020 La lenta evoluci\u00f3n que est\u00e1 teniendo el control de COVID-19 hace que, a 47 d\u00edas de la inauguraci\u00f3n del FIMMA \/ MADERALIA 2020, la organizaci\u00f3n\" \/>\n<meta property=\"og:url\" content=\"https:\/\/rierge.com\/fr\/2020\/04\/16\/portugues-do-brasil-fimma-covid19\/\" \/>\n<meta property=\"og:site_name\" content=\"RIERGE\" \/>\n<meta property=\"article:published_time\" content=\"2020-04-16T18:41:00+00:00\" \/>\n<meta property=\"article:modified_time\" content=\"2020-05-07T09:31:30+00:00\" \/>\n<meta name=\"author\" content=\"admin\" \/>\n<meta name=\"twitter:card\" content=\"summary_large_image\" \/>\n<meta name=\"twitter:label1\" content=\"Escrito por\" \/>\n\t<meta name=\"twitter:data1\" content=\"admin\" \/>\n\t<meta name=\"twitter:label2\" content=\"Tiempo de lectura\" \/>\n\t<meta name=\"twitter:data2\" content=\"7 minutos\" \/>\n<script type=\"application\/ld+json\" class=\"yoast-schema-graph\">{\"@context\":\"https:\/\/schema.org\",\"@graph\":[{\"@type\":\"Article\",\"@id\":\"https:\/\/rierge.com\/fr\/2020\/04\/16\/portugues-do-brasil-fimma-covid19\/#article\",\"isPartOf\":{\"@id\":\"https:\/\/rierge.com\/fr\/2020\/04\/16\/portugues-do-brasil-fimma-covid19\/\"},\"author\":{\"name\":\"admin\",\"@id\":\"https:\/\/rierge.com\/en\/#\/schema\/person\/a700fc52e66409a731fa608758a0a708\"},\"headline\":\"FIMMA \/ COVID19 Opini\u00f3n Santi Riera, Presidente comit\u00e9 FIMMA\",\"datePublished\":\"2020-04-16T18:41:00+00:00\",\"dateModified\":\"2020-05-07T09:31:30+00:00\",\"mainEntityOfPage\":{\"@id\":\"https:\/\/rierge.com\/fr\/2020\/04\/16\/portugues-do-brasil-fimma-covid19\/\"},\"wordCount\":1458,\"publisher\":{\"@id\":\"https:\/\/rierge.com\/en\/#organization\"},\"inLanguage\":\"es\"},{\"@type\":\"WebPage\",\"@id\":\"https:\/\/rierge.com\/fr\/2020\/04\/16\/portugues-do-brasil-fimma-covid19\/\",\"url\":\"https:\/\/rierge.com\/fr\/2020\/04\/16\/portugues-do-brasil-fimma-covid19\/\",\"name\":\"[:es]FIMMA \/ COVID19 Opini\u00f3n Santi Riera, Presidente comit\u00e9 FIMMA[:ca]FIMMA \/ COVID19 Opini\u00f3 Santi Riera, President comit\u00e8 FIMMA[:pb]FIMMA - COVID19[:] - RIERGE\",\"isPartOf\":{\"@id\":\"https:\/\/rierge.com\/en\/#website\"},\"datePublished\":\"2020-04-16T18:41:00+00:00\",\"dateModified\":\"2020-05-07T09:31:30+00:00\",\"description\":\"16\/04\/2020 La lenta evoluci\u00f3n que est\u00e1 teniendo el control de COVID-19 hace que, a 47 d\u00edas de la inauguraci\u00f3n del FIMMA \/ MADERALIA 2020, la organizaci\u00f3n\",\"breadcrumb\":{\"@id\":\"https:\/\/rierge.com\/fr\/2020\/04\/16\/portugues-do-brasil-fimma-covid19\/#breadcrumb\"},\"inLanguage\":\"es\",\"potentialAction\":[{\"@type\":\"ReadAction\",\"target\":[\"https:\/\/rierge.com\/fr\/2020\/04\/16\/portugues-do-brasil-fimma-covid19\/\"]}]},{\"@type\":\"BreadcrumbList\",\"@id\":\"https:\/\/rierge.com\/fr\/2020\/04\/16\/portugues-do-brasil-fimma-covid19\/#breadcrumb\",\"itemListElement\":[{\"@type\":\"ListItem\",\"position\":1,\"name\":\"Home\",\"item\":\"https:\/\/rierge.com\/\"},{\"@type\":\"ListItem\",\"position\":2,\"name\":\"(Espa\u00f1ol) FIMMA \/ COVID19 Opini\u00f3n Santi Riera, Presidente comit\u00e9 FIMMA\"}]},{\"@type\":\"WebSite\",\"@id\":\"https:\/\/rierge.com\/en\/#website\",\"url\":\"https:\/\/rierge.com\/en\/\",\"name\":\"RIERGE\",\"description\":\"\",\"publisher\":{\"@id\":\"https:\/\/rierge.com\/en\/#organization\"},\"potentialAction\":[{\"@type\":\"SearchAction\",\"target\":{\"@type\":\"EntryPoint\",\"urlTemplate\":\"https:\/\/rierge.com\/en\/?s={search_term_string}\"},\"query-input\":{\"@type\":\"PropertyValueSpecification\",\"valueRequired\":true,\"valueName\":\"search_term_string\"}}],\"inLanguage\":\"es\"},{\"@type\":\"Organization\",\"@id\":\"https:\/\/rierge.com\/en\/#organization\",\"name\":\"Rierge\",\"url\":\"https:\/\/rierge.com\/en\/\",\"logo\":{\"@type\":\"ImageObject\",\"inLanguage\":\"es\",\"@id\":\"https:\/\/rierge.com\/en\/#\/schema\/logo\/image\/\",\"url\":\"https:\/\/rierge.com\/wp-content\/uploads\/2017\/06\/logo-rierge-desde-1954.jpg\",\"contentUrl\":\"https:\/\/rierge.com\/wp-content\/uploads\/2017\/06\/logo-rierge-desde-1954.jpg\",\"width\":180,\"height\":50,\"caption\":\"Rierge\"},\"image\":{\"@id\":\"https:\/\/rierge.com\/en\/#\/schema\/logo\/image\/\"}},{\"@type\":\"Person\",\"@id\":\"https:\/\/rierge.com\/en\/#\/schema\/person\/a700fc52e66409a731fa608758a0a708\",\"name\":\"admin\",\"image\":{\"@type\":\"ImageObject\",\"inLanguage\":\"es\",\"@id\":\"https:\/\/rierge.com\/en\/#\/schema\/person\/image\/\",\"url\":\"https:\/\/secure.gravatar.com\/avatar\/ae6430de1af9824c021c1ada823187a8?s=96&d=mm&r=g\",\"contentUrl\":\"https:\/\/secure.gravatar.com\/avatar\/ae6430de1af9824c021c1ada823187a8?s=96&d=mm&r=g\",\"caption\":\"admin\"},\"url\":\"https:\/\/rierge.com\/es\/author\/admin\/\"}]}<\/script>\n<!-- \/ Yoast SEO Premium plugin. -->","yoast_head_json":{"title":"[:es]FIMMA \/ COVID19 Opini\u00f3n Santi Riera, Presidente comit\u00e9 FIMMA[:ca]FIMMA \/ COVID19 Opini\u00f3 Santi Riera, President comit\u00e8 FIMMA[:pb]FIMMA - COVID19[:] - RIERGE","description":"16\/04\/2020 La lenta evoluci\u00f3n que est\u00e1 teniendo el control de COVID-19 hace que, a 47 d\u00edas de la inauguraci\u00f3n del FIMMA \/ MADERALIA 2020, la organizaci\u00f3n","robots":{"index":"index","follow":"follow","max-snippet":"max-snippet:-1","max-image-preview":"max-image-preview:large","max-video-preview":"max-video-preview:-1"},"canonical":"https:\/\/rierge.com\/fr\/2020\/04\/16\/portugues-do-brasil-fimma-covid19\/","og_locale":"es_ES","og_type":"article","og_title":"[:es]FIMMA \/ COVID19 Opini\u00f3n Santi Riera, Presidente comit\u00e9 FIMMA[:ca]FIMMA \/ COVID19 Opini\u00f3 Santi Riera, President comit\u00e8 FIMMA[:pb]FIMMA - COVID19[:]","og_description":"16\/04\/2020 La lenta evoluci\u00f3n que est\u00e1 teniendo el control de COVID-19 hace que, a 47 d\u00edas de la inauguraci\u00f3n del FIMMA \/ MADERALIA 2020, la organizaci\u00f3n","og_url":"https:\/\/rierge.com\/fr\/2020\/04\/16\/portugues-do-brasil-fimma-covid19\/","og_site_name":"RIERGE","article_published_time":"2020-04-16T18:41:00+00:00","article_modified_time":"2020-05-07T09:31:30+00:00","author":"admin","twitter_card":"summary_large_image","twitter_misc":{"Escrito por":"admin","Tiempo de lectura":"7 minutos"},"schema":{"@context":"https:\/\/schema.org","@graph":[{"@type":"Article","@id":"https:\/\/rierge.com\/fr\/2020\/04\/16\/portugues-do-brasil-fimma-covid19\/#article","isPartOf":{"@id":"https:\/\/rierge.com\/fr\/2020\/04\/16\/portugues-do-brasil-fimma-covid19\/"},"author":{"name":"admin","@id":"https:\/\/rierge.com\/en\/#\/schema\/person\/a700fc52e66409a731fa608758a0a708"},"headline":"FIMMA \/ COVID19 Opini\u00f3n Santi Riera, Presidente comit\u00e9 FIMMA","datePublished":"2020-04-16T18:41:00+00:00","dateModified":"2020-05-07T09:31:30+00:00","mainEntityOfPage":{"@id":"https:\/\/rierge.com\/fr\/2020\/04\/16\/portugues-do-brasil-fimma-covid19\/"},"wordCount":1458,"publisher":{"@id":"https:\/\/rierge.com\/en\/#organization"},"inLanguage":"es"},{"@type":"WebPage","@id":"https:\/\/rierge.com\/fr\/2020\/04\/16\/portugues-do-brasil-fimma-covid19\/","url":"https:\/\/rierge.com\/fr\/2020\/04\/16\/portugues-do-brasil-fimma-covid19\/","name":"[:es]FIMMA \/ COVID19 Opini\u00f3n Santi Riera, Presidente comit\u00e9 FIMMA[:ca]FIMMA \/ COVID19 Opini\u00f3 Santi Riera, President comit\u00e8 FIMMA[:pb]FIMMA - COVID19[:] - RIERGE","isPartOf":{"@id":"https:\/\/rierge.com\/en\/#website"},"datePublished":"2020-04-16T18:41:00+00:00","dateModified":"2020-05-07T09:31:30+00:00","description":"16\/04\/2020 La lenta evoluci\u00f3n que est\u00e1 teniendo el control de COVID-19 hace que, a 47 d\u00edas de la inauguraci\u00f3n del FIMMA \/ MADERALIA 2020, la organizaci\u00f3n","breadcrumb":{"@id":"https:\/\/rierge.com\/fr\/2020\/04\/16\/portugues-do-brasil-fimma-covid19\/#breadcrumb"},"inLanguage":"es","potentialAction":[{"@type":"ReadAction","target":["https:\/\/rierge.com\/fr\/2020\/04\/16\/portugues-do-brasil-fimma-covid19\/"]}]},{"@type":"BreadcrumbList","@id":"https:\/\/rierge.com\/fr\/2020\/04\/16\/portugues-do-brasil-fimma-covid19\/#breadcrumb","itemListElement":[{"@type":"ListItem","position":1,"name":"Home","item":"https:\/\/rierge.com\/"},{"@type":"ListItem","position":2,"name":"(Espa\u00f1ol) FIMMA \/ COVID19 Opini\u00f3n Santi Riera, Presidente comit\u00e9 FIMMA"}]},{"@type":"WebSite","@id":"https:\/\/rierge.com\/en\/#website","url":"https:\/\/rierge.com\/en\/","name":"RIERGE","description":"","publisher":{"@id":"https:\/\/rierge.com\/en\/#organization"},"potentialAction":[{"@type":"SearchAction","target":{"@type":"EntryPoint","urlTemplate":"https:\/\/rierge.com\/en\/?s={search_term_string}"},"query-input":{"@type":"PropertyValueSpecification","valueRequired":true,"valueName":"search_term_string"}}],"inLanguage":"es"},{"@type":"Organization","@id":"https:\/\/rierge.com\/en\/#organization","name":"Rierge","url":"https:\/\/rierge.com\/en\/","logo":{"@type":"ImageObject","inLanguage":"es","@id":"https:\/\/rierge.com\/en\/#\/schema\/logo\/image\/","url":"https:\/\/rierge.com\/wp-content\/uploads\/2017\/06\/logo-rierge-desde-1954.jpg","contentUrl":"https:\/\/rierge.com\/wp-content\/uploads\/2017\/06\/logo-rierge-desde-1954.jpg","width":180,"height":50,"caption":"Rierge"},"image":{"@id":"https:\/\/rierge.com\/en\/#\/schema\/logo\/image\/"}},{"@type":"Person","@id":"https:\/\/rierge.com\/en\/#\/schema\/person\/a700fc52e66409a731fa608758a0a708","name":"admin","image":{"@type":"ImageObject","inLanguage":"es","@id":"https:\/\/rierge.com\/en\/#\/schema\/person\/image\/","url":"https:\/\/secure.gravatar.com\/avatar\/ae6430de1af9824c021c1ada823187a8?s=96&d=mm&r=g","contentUrl":"https:\/\/secure.gravatar.com\/avatar\/ae6430de1af9824c021c1ada823187a8?s=96&d=mm&r=g","caption":"admin"},"url":"https:\/\/rierge.com\/es\/author\/admin\/"}]}},"_links":{"self":[{"href":"https:\/\/rierge.com\/es\/wp-json\/wp\/v2\/posts\/6084","targetHints":{"allow":["GET"]}}],"collection":[{"href":"https:\/\/rierge.com\/es\/wp-json\/wp\/v2\/posts"}],"about":[{"href":"https:\/\/rierge.com\/es\/wp-json\/wp\/v2\/types\/post"}],"author":[{"embeddable":true,"href":"https:\/\/rierge.com\/es\/wp-json\/wp\/v2\/users\/1"}],"replies":[{"embeddable":true,"href":"https:\/\/rierge.com\/es\/wp-json\/wp\/v2\/comments?post=6084"}],"version-history":[{"count":0,"href":"https:\/\/rierge.com\/es\/wp-json\/wp\/v2\/posts\/6084\/revisions"}],"wp:attachment":[{"href":"https:\/\/rierge.com\/es\/wp-json\/wp\/v2\/media?parent=6084"}],"wp:term":[{"taxonomy":"category","embeddable":true,"href":"https:\/\/rierge.com\/es\/wp-json\/wp\/v2\/categories?post=6084"},{"taxonomy":"post_tag","embeddable":true,"href":"https:\/\/rierge.com\/es\/wp-json\/wp\/v2\/tags?post=6084"}],"curies":[{"name":"wp","href":"https:\/\/api.w.org\/{rel}","templated":true}]}}