{"id":5687,"date":"2019-09-16T10:16:23","date_gmt":"2019-09-16T10:16:23","guid":{"rendered":"http:\/\/rierge.com\/es\/?p=5687"},"modified":"2019-09-26T16:03:56","modified_gmt":"2019-09-26T16:03:56","slug":"ampliacion-instalaciones","status":"publish","type":"post","link":"https:\/\/rierge.com\/en\/2019\/09\/16\/ampliacion-instalaciones\/","title":{"rendered":"Expansion of our facilities."},"content":{"rendered":"<p><\/p>\n<p style=\"text-align: right;\"><span style=\"color: #999999;\">30\/08\/2019<\/span><\/p>\n<p style=\"text-align: justify;\"><span class=\"tlid-translation translation\" lang=\"en\"><span title=\"\">This month we have completed the transfer of the ironing and boiler sections of our Mollet facilities to our Plant II.<\/span><br \/>\n <\/span><\/p>\n<p style=\"text-align: justify;\"><span class=\"tlid-translation translation\" lang=\"en\"><span title=\"\">At the end of the year 2018 we acquired a new Industrial premises, next to those that we already had in the industrial area of Martorelles. Once the premises were conditioned, we have been moving the various welding machines and equipment in a way that would not affect the productive capacity. Taking advantage<\/span> <span class=\"\" title=\"\">on some vacation days, we have completed the transfer and added two new machines that will help us improve our productivity.<\/span><\/span><\/p>\n<p><\/p>","protected":false},"excerpt":{"rendered":"<p>30\/08\/2019 This month we have completed the transfer of the ironing and boiler sections of our Mollet facilities to our Plant II. At the end of the year 2018 we acquired a new Industrial premises, next to those that we already had in the industrial area of Martorelles. Once the premises were conditioned, we have [&hellip;]<\/p>\n","protected":false},"author":1,"featured_media":5688,"comment_status":"closed","ping_status":"closed","sticky":false,"template":"","format":"standard","meta":{"footnotes":""},"categories":[1],"tags":[],"class_list":["post-5687","post","type-post","status-publish","format-standard","has-post-thumbnail","hentry","category-sin-categoria"],"yoast_head":"<!-- This site is optimized with the Yoast SEO Premium plugin v18.4 (Yoast SEO v24.9) - https:\/\/yoast.com\/wordpress\/plugins\/seo\/ -->\n<title>Expansion of our facilities. - RIERGE<\/title>\n<meta name=\"description\" content=\"30\/08\/2019 Este mes hemos ultimado el traslado de las secci\u00f3nes de planchister\u00eda y Calderer\u00eda de nuestras instalaciones de Mollet a nuestra Planta II. A\" \/>\n<meta name=\"robots\" content=\"index, follow, max-snippet:-1, max-image-preview:large, max-video-preview:-1\" \/>\n<link rel=\"canonical\" href=\"https:\/\/rierge.com\/en\/2019\/09\/16\/espanol-ampliacion-instalaciones\/\" \/>\n<meta property=\"og:locale\" content=\"en_US\" \/>\n<meta property=\"og:type\" content=\"article\" \/>\n<meta property=\"og:title\" content=\"[:es]Ampliaci\u00f3n instalaciones.[:ca]Ampliaci\u00f3 instal\u00b7lacions.[:en]Expansion of our facilities.[:fr]Agrandissement de nos installations.[:pb]Amplia\u00e7\u00e3o de nossas instala\u00e7\u00f5es.[:]\" \/>\n<meta property=\"og:description\" content=\"30\/08\/2019 Este mes hemos ultimado el traslado de las secci\u00f3nes de planchister\u00eda y Calderer\u00eda de nuestras instalaciones de Mollet a nuestra Planta II. A\" \/>\n<meta property=\"og:url\" content=\"https:\/\/rierge.com\/en\/2019\/09\/16\/espanol-ampliacion-instalaciones\/\" \/>\n<meta property=\"og:site_name\" content=\"RIERGE\" \/>\n<meta property=\"article:published_time\" content=\"2019-09-16T10:16:23+00:00\" \/>\n<meta property=\"article:modified_time\" content=\"2019-09-26T16:03:56+00:00\" \/>\n<meta property=\"og:image\" content=\"https:\/\/rierge.com\/wp-content\/uploads\/2019\/09\/01eb1c4aa3649d5f9fe35b94b2efcd21a4689f7373.jpg\" \/>\n\t<meta property=\"og:image:width\" content=\"1300\" \/>\n\t<meta property=\"og:image:height\" content=\"975\" \/>\n\t<meta property=\"og:image:type\" content=\"image\/jpeg\" \/>\n<meta name=\"author\" content=\"admin\" \/>\n<meta name=\"twitter:card\" content=\"summary_large_image\" \/>\n<meta name=\"twitter:label1\" content=\"Written by\" \/>\n\t<meta name=\"twitter:data1\" content=\"admin\" \/>\n\t<meta name=\"twitter:label2\" content=\"Est. reading time\" \/>\n\t<meta name=\"twitter:data2\" content=\"3 minutes\" \/>\n<script type=\"application\/ld+json\" class=\"yoast-schema-graph\">{\"@context\":\"https:\/\/schema.org\",\"@graph\":[{\"@type\":\"Article\",\"@id\":\"https:\/\/rierge.com\/en\/2019\/09\/16\/espanol-ampliacion-instalaciones\/#article\",\"isPartOf\":{\"@id\":\"https:\/\/rierge.com\/en\/2019\/09\/16\/espanol-ampliacion-instalaciones\/\"},\"author\":{\"name\":\"admin\",\"@id\":\"https:\/\/rierge.com\/en\/#\/schema\/person\/a700fc52e66409a731fa608758a0a708\"},\"headline\":\"Expansion of our facilities.\",\"datePublished\":\"2019-09-16T10:16:23+00:00\",\"dateModified\":\"2019-09-26T16:03:56+00:00\",\"mainEntityOfPage\":{\"@id\":\"https:\/\/rierge.com\/en\/2019\/09\/16\/espanol-ampliacion-instalaciones\/\"},\"wordCount\":527,\"publisher\":{\"@id\":\"https:\/\/rierge.com\/en\/#organization\"},\"image\":{\"@id\":\"https:\/\/rierge.com\/en\/2019\/09\/16\/espanol-ampliacion-instalaciones\/#primaryimage\"},\"thumbnailUrl\":\"https:\/\/rierge.com\/wp-content\/uploads\/2019\/09\/01eb1c4aa3649d5f9fe35b94b2efcd21a4689f7373.jpg\",\"articleSection\":[\"Sin categor\u00eda\"],\"inLanguage\":\"en-US\"},{\"@type\":\"WebPage\",\"@id\":\"https:\/\/rierge.com\/en\/2019\/09\/16\/espanol-ampliacion-instalaciones\/\",\"url\":\"https:\/\/rierge.com\/en\/2019\/09\/16\/espanol-ampliacion-instalaciones\/\",\"name\":\"[:es]Ampliaci\u00f3n instalaciones.[:ca]Ampliaci\u00f3 instal\u00b7lacions.[:en]Expansion of our facilities.[:fr]Agrandissement de nos installations.[:pb]Amplia\u00e7\u00e3o de nossas instala\u00e7\u00f5es.[:] - RIERGE\",\"isPartOf\":{\"@id\":\"https:\/\/rierge.com\/en\/#website\"},\"primaryImageOfPage\":{\"@id\":\"https:\/\/rierge.com\/en\/2019\/09\/16\/espanol-ampliacion-instalaciones\/#primaryimage\"},\"image\":{\"@id\":\"https:\/\/rierge.com\/en\/2019\/09\/16\/espanol-ampliacion-instalaciones\/#primaryimage\"},\"thumbnailUrl\":\"https:\/\/rierge.com\/wp-content\/uploads\/2019\/09\/01eb1c4aa3649d5f9fe35b94b2efcd21a4689f7373.jpg\",\"datePublished\":\"2019-09-16T10:16:23+00:00\",\"dateModified\":\"2019-09-26T16:03:56+00:00\",\"description\":\"30\/08\/2019 Este mes hemos ultimado el traslado de las secci\u00f3nes de planchister\u00eda y Calderer\u00eda de nuestras instalaciones de Mollet a nuestra Planta II. A\",\"breadcrumb\":{\"@id\":\"https:\/\/rierge.com\/en\/2019\/09\/16\/espanol-ampliacion-instalaciones\/#breadcrumb\"},\"inLanguage\":\"en-US\",\"potentialAction\":[{\"@type\":\"ReadAction\",\"target\":[\"https:\/\/rierge.com\/en\/2019\/09\/16\/espanol-ampliacion-instalaciones\/\"]}]},{\"@type\":\"ImageObject\",\"inLanguage\":\"en-US\",\"@id\":\"https:\/\/rierge.com\/en\/2019\/09\/16\/espanol-ampliacion-instalaciones\/#primaryimage\",\"url\":\"https:\/\/rierge.com\/wp-content\/uploads\/2019\/09\/01eb1c4aa3649d5f9fe35b94b2efcd21a4689f7373.jpg\",\"contentUrl\":\"https:\/\/rierge.com\/wp-content\/uploads\/2019\/09\/01eb1c4aa3649d5f9fe35b94b2efcd21a4689f7373.jpg\",\"width\":1300,\"height\":975},{\"@type\":\"BreadcrumbList\",\"@id\":\"https:\/\/rierge.com\/en\/2019\/09\/16\/espanol-ampliacion-instalaciones\/#breadcrumb\",\"itemListElement\":[{\"@type\":\"ListItem\",\"position\":1,\"name\":\"Home\",\"item\":\"https:\/\/rierge.com\/\"},{\"@type\":\"ListItem\",\"position\":2,\"name\":\"Expansion of our facilities.\"}]},{\"@type\":\"WebSite\",\"@id\":\"https:\/\/rierge.com\/en\/#website\",\"url\":\"https:\/\/rierge.com\/en\/\",\"name\":\"RIERGE\",\"description\":\"\",\"publisher\":{\"@id\":\"https:\/\/rierge.com\/en\/#organization\"},\"potentialAction\":[{\"@type\":\"SearchAction\",\"target\":{\"@type\":\"EntryPoint\",\"urlTemplate\":\"https:\/\/rierge.com\/en\/?s={search_term_string}\"},\"query-input\":{\"@type\":\"PropertyValueSpecification\",\"valueRequired\":true,\"valueName\":\"search_term_string\"}}],\"inLanguage\":\"en-US\"},{\"@type\":\"Organization\",\"@id\":\"https:\/\/rierge.com\/en\/#organization\",\"name\":\"Rierge\",\"url\":\"https:\/\/rierge.com\/en\/\",\"logo\":{\"@type\":\"ImageObject\",\"inLanguage\":\"en-US\",\"@id\":\"https:\/\/rierge.com\/en\/#\/schema\/logo\/image\/\",\"url\":\"https:\/\/rierge.com\/wp-content\/uploads\/2017\/06\/logo-rierge-desde-1954.jpg\",\"contentUrl\":\"https:\/\/rierge.com\/wp-content\/uploads\/2017\/06\/logo-rierge-desde-1954.jpg\",\"width\":180,\"height\":50,\"caption\":\"Rierge\"},\"image\":{\"@id\":\"https:\/\/rierge.com\/en\/#\/schema\/logo\/image\/\"}},{\"@type\":\"Person\",\"@id\":\"https:\/\/rierge.com\/en\/#\/schema\/person\/a700fc52e66409a731fa608758a0a708\",\"name\":\"admin\",\"image\":{\"@type\":\"ImageObject\",\"inLanguage\":\"en-US\",\"@id\":\"https:\/\/rierge.com\/en\/#\/schema\/person\/image\/\",\"url\":\"https:\/\/secure.gravatar.com\/avatar\/ae6430de1af9824c021c1ada823187a8?s=96&d=mm&r=g\",\"contentUrl\":\"https:\/\/secure.gravatar.com\/avatar\/ae6430de1af9824c021c1ada823187a8?s=96&d=mm&r=g\",\"caption\":\"admin\"},\"url\":\"https:\/\/rierge.com\/en\/author\/admin\/\"}]}<\/script>\n<!-- \/ Yoast SEO Premium plugin. -->","yoast_head_json":{"title":"[:es]Ampliaci\u00f3n instalaciones.[:ca]Ampliaci\u00f3 instal\u00b7lacions.[:en]Expansion of our facilities.[:fr]Agrandissement de nos installations.[:pb]Amplia\u00e7\u00e3o de nossas instala\u00e7\u00f5es.[:] - RIERGE","description":"30\/08\/2019 Este mes hemos ultimado el traslado de las secci\u00f3nes de planchister\u00eda y Calderer\u00eda de nuestras instalaciones de Mollet a nuestra Planta II. A","robots":{"index":"index","follow":"follow","max-snippet":"max-snippet:-1","max-image-preview":"max-image-preview:large","max-video-preview":"max-video-preview:-1"},"canonical":"https:\/\/rierge.com\/en\/2019\/09\/16\/espanol-ampliacion-instalaciones\/","og_locale":"en_US","og_type":"article","og_title":"[:es]Ampliaci\u00f3n instalaciones.[:ca]Ampliaci\u00f3 instal\u00b7lacions.[:en]Expansion of our facilities.[:fr]Agrandissement de nos installations.[:pb]Amplia\u00e7\u00e3o de nossas instala\u00e7\u00f5es.[:]","og_description":"30\/08\/2019 Este mes hemos ultimado el traslado de las secci\u00f3nes de planchister\u00eda y Calderer\u00eda de nuestras instalaciones de Mollet a nuestra Planta II. A","og_url":"https:\/\/rierge.com\/en\/2019\/09\/16\/espanol-ampliacion-instalaciones\/","og_site_name":"RIERGE","article_published_time":"2019-09-16T10:16:23+00:00","article_modified_time":"2019-09-26T16:03:56+00:00","og_image":[{"width":1300,"height":975,"url":"https:\/\/rierge.com\/wp-content\/uploads\/2019\/09\/01eb1c4aa3649d5f9fe35b94b2efcd21a4689f7373.jpg","type":"image\/jpeg"}],"author":"admin","twitter_card":"summary_large_image","twitter_misc":{"Written by":"admin","Est. reading time":"3 minutes"},"schema":{"@context":"https:\/\/schema.org","@graph":[{"@type":"Article","@id":"https:\/\/rierge.com\/en\/2019\/09\/16\/espanol-ampliacion-instalaciones\/#article","isPartOf":{"@id":"https:\/\/rierge.com\/en\/2019\/09\/16\/espanol-ampliacion-instalaciones\/"},"author":{"name":"admin","@id":"https:\/\/rierge.com\/en\/#\/schema\/person\/a700fc52e66409a731fa608758a0a708"},"headline":"Expansion of our facilities.","datePublished":"2019-09-16T10:16:23+00:00","dateModified":"2019-09-26T16:03:56+00:00","mainEntityOfPage":{"@id":"https:\/\/rierge.com\/en\/2019\/09\/16\/espanol-ampliacion-instalaciones\/"},"wordCount":527,"publisher":{"@id":"https:\/\/rierge.com\/en\/#organization"},"image":{"@id":"https:\/\/rierge.com\/en\/2019\/09\/16\/espanol-ampliacion-instalaciones\/#primaryimage"},"thumbnailUrl":"https:\/\/rierge.com\/wp-content\/uploads\/2019\/09\/01eb1c4aa3649d5f9fe35b94b2efcd21a4689f7373.jpg","articleSection":["Sin categor\u00eda"],"inLanguage":"en-US"},{"@type":"WebPage","@id":"https:\/\/rierge.com\/en\/2019\/09\/16\/espanol-ampliacion-instalaciones\/","url":"https:\/\/rierge.com\/en\/2019\/09\/16\/espanol-ampliacion-instalaciones\/","name":"[:es]Ampliaci\u00f3n instalaciones.[:ca]Ampliaci\u00f3 instal\u00b7lacions.[:en]Expansion of our facilities.[:fr]Agrandissement de nos installations.[:pb]Amplia\u00e7\u00e3o de nossas instala\u00e7\u00f5es.[:] - RIERGE","isPartOf":{"@id":"https:\/\/rierge.com\/en\/#website"},"primaryImageOfPage":{"@id":"https:\/\/rierge.com\/en\/2019\/09\/16\/espanol-ampliacion-instalaciones\/#primaryimage"},"image":{"@id":"https:\/\/rierge.com\/en\/2019\/09\/16\/espanol-ampliacion-instalaciones\/#primaryimage"},"thumbnailUrl":"https:\/\/rierge.com\/wp-content\/uploads\/2019\/09\/01eb1c4aa3649d5f9fe35b94b2efcd21a4689f7373.jpg","datePublished":"2019-09-16T10:16:23+00:00","dateModified":"2019-09-26T16:03:56+00:00","description":"30\/08\/2019 Este mes hemos ultimado el traslado de las secci\u00f3nes de planchister\u00eda y Calderer\u00eda de nuestras instalaciones de Mollet a nuestra Planta II. A","breadcrumb":{"@id":"https:\/\/rierge.com\/en\/2019\/09\/16\/espanol-ampliacion-instalaciones\/#breadcrumb"},"inLanguage":"en-US","potentialAction":[{"@type":"ReadAction","target":["https:\/\/rierge.com\/en\/2019\/09\/16\/espanol-ampliacion-instalaciones\/"]}]},{"@type":"ImageObject","inLanguage":"en-US","@id":"https:\/\/rierge.com\/en\/2019\/09\/16\/espanol-ampliacion-instalaciones\/#primaryimage","url":"https:\/\/rierge.com\/wp-content\/uploads\/2019\/09\/01eb1c4aa3649d5f9fe35b94b2efcd21a4689f7373.jpg","contentUrl":"https:\/\/rierge.com\/wp-content\/uploads\/2019\/09\/01eb1c4aa3649d5f9fe35b94b2efcd21a4689f7373.jpg","width":1300,"height":975},{"@type":"BreadcrumbList","@id":"https:\/\/rierge.com\/en\/2019\/09\/16\/espanol-ampliacion-instalaciones\/#breadcrumb","itemListElement":[{"@type":"ListItem","position":1,"name":"Home","item":"https:\/\/rierge.com\/"},{"@type":"ListItem","position":2,"name":"Expansion of our facilities."}]},{"@type":"WebSite","@id":"https:\/\/rierge.com\/en\/#website","url":"https:\/\/rierge.com\/en\/","name":"RIERGE","description":"","publisher":{"@id":"https:\/\/rierge.com\/en\/#organization"},"potentialAction":[{"@type":"SearchAction","target":{"@type":"EntryPoint","urlTemplate":"https:\/\/rierge.com\/en\/?s={search_term_string}"},"query-input":{"@type":"PropertyValueSpecification","valueRequired":true,"valueName":"search_term_string"}}],"inLanguage":"en-US"},{"@type":"Organization","@id":"https:\/\/rierge.com\/en\/#organization","name":"Rierge","url":"https:\/\/rierge.com\/en\/","logo":{"@type":"ImageObject","inLanguage":"en-US","@id":"https:\/\/rierge.com\/en\/#\/schema\/logo\/image\/","url":"https:\/\/rierge.com\/wp-content\/uploads\/2017\/06\/logo-rierge-desde-1954.jpg","contentUrl":"https:\/\/rierge.com\/wp-content\/uploads\/2017\/06\/logo-rierge-desde-1954.jpg","width":180,"height":50,"caption":"Rierge"},"image":{"@id":"https:\/\/rierge.com\/en\/#\/schema\/logo\/image\/"}},{"@type":"Person","@id":"https:\/\/rierge.com\/en\/#\/schema\/person\/a700fc52e66409a731fa608758a0a708","name":"admin","image":{"@type":"ImageObject","inLanguage":"en-US","@id":"https:\/\/rierge.com\/en\/#\/schema\/person\/image\/","url":"https:\/\/secure.gravatar.com\/avatar\/ae6430de1af9824c021c1ada823187a8?s=96&d=mm&r=g","contentUrl":"https:\/\/secure.gravatar.com\/avatar\/ae6430de1af9824c021c1ada823187a8?s=96&d=mm&r=g","caption":"admin"},"url":"https:\/\/rierge.com\/en\/author\/admin\/"}]}},"_links":{"self":[{"href":"https:\/\/rierge.com\/en\/wp-json\/wp\/v2\/posts\/5687","targetHints":{"allow":["GET"]}}],"collection":[{"href":"https:\/\/rierge.com\/en\/wp-json\/wp\/v2\/posts"}],"about":[{"href":"https:\/\/rierge.com\/en\/wp-json\/wp\/v2\/types\/post"}],"author":[{"embeddable":true,"href":"https:\/\/rierge.com\/en\/wp-json\/wp\/v2\/users\/1"}],"replies":[{"embeddable":true,"href":"https:\/\/rierge.com\/en\/wp-json\/wp\/v2\/comments?post=5687"}],"version-history":[{"count":0,"href":"https:\/\/rierge.com\/en\/wp-json\/wp\/v2\/posts\/5687\/revisions"}],"wp:featuredmedia":[{"embeddable":true,"href":"https:\/\/rierge.com\/en\/wp-json\/wp\/v2\/media\/5688"}],"wp:attachment":[{"href":"https:\/\/rierge.com\/en\/wp-json\/wp\/v2\/media?parent=5687"}],"wp:term":[{"taxonomy":"category","embeddable":true,"href":"https:\/\/rierge.com\/en\/wp-json\/wp\/v2\/categories?post=5687"},{"taxonomy":"post_tag","embeddable":true,"href":"https:\/\/rierge.com\/en\/wp-json\/wp\/v2\/tags?post=5687"}],"curies":[{"name":"wp","href":"https:\/\/api.w.org\/{rel}","templated":true}]}}