{"id":4483,"date":"2018-01-05T10:15:49","date_gmt":"2018-01-05T10:15:49","guid":{"rendered":"http:\/\/rierge.com\/es\/?p=4483"},"modified":"2018-01-09T10:09:45","modified_gmt":"2018-01-09T10:09:45","slug":"entrevista-a-nuestro-gerente","status":"publish","type":"post","link":"https:\/\/rierge.com\/en\/2018\/01\/05\/entrevista-a-nuestro-gerente\/","title":{"rendered":"Interview with our Manager"},"content":{"rendered":"<p><\/p>\n<p style=\"text-align: right;\"><span style=\"color: #999999;\">05\/01\/2018<\/span><\/p>\n<p style=\"text-align: justify;\"><a href=\"http:\/\/fimma-maderalia.feriavalencia.com\" target=\"_blank\" rel=\"noopener\">FIMMA-Maderalia<\/a> will celebrate a new edition in Feria Valencia, from 6 to 9 february. In case of FIMMA, the technology and machinery for wood fair,the presence of practically all of the main players in the sector has already been confirmed, in the more than 25.000 meters planned in pavilions 8 and N2P7 (pavilion 7 Bajo). With the objective of knowing more details about this next edition, we spoke with Santiago Riera, president of FIMMA.<\/p>\n<p><a href=\"http:\/\/www.interempresas.net\/Madera\/Articulos\/205576-Entrevista-a-Santiago-Riera-presidente-de-FIMMA.html\" target=\"_blank\" rel=\"noopener\">http:\/\/www.interempresas.net\/Madera\/Articulos\/205576-Entrevista-a-Santiago-Riera-presidente-de-FIMMA.html<\/a><\/p>\n<p><\/p>","protected":false},"excerpt":{"rendered":"<p>05\/01\/2018 FIMMA-Maderalia will celebrate a new edition in Feria Valencia, from 6 to 9 february. In case of FIMMA, the technology and machinery for wood fair,the presence of practically all of the main players in the sector has already been confirmed, in the more than 25.000 meters planned in pavilions 8 and N2P7 (pavilion 7 [&hellip;]<\/p>\n","protected":false},"author":1,"featured_media":4488,"comment_status":"closed","ping_status":"closed","sticky":false,"template":"","format":"standard","meta":{"footnotes":""},"categories":[1],"tags":[],"class_list":["post-4483","post","type-post","status-publish","format-standard","has-post-thumbnail","hentry","category-sin-categoria"],"yoast_head":"<!-- This site is optimized with the Yoast SEO Premium plugin v18.4 (Yoast SEO v24.9) - https:\/\/yoast.com\/wordpress\/plugins\/seo\/ -->\n<title>Interview with our Manager - RIERGE<\/title>\n<meta name=\"description\" content=\"05\/01\/2018 FIMMA-Maderalia celebrar\u00e1 un nueva edici\u00f3n, en Feria Valencia, del 6 al 9 del pr\u00f3ximo mes de febrero. En el caso de FIMMA, la feria de la\" \/>\n<meta name=\"robots\" content=\"index, follow, max-snippet:-1, max-image-preview:large, max-video-preview:-1\" \/>\n<link rel=\"canonical\" href=\"https:\/\/rierge.com\/pb\/2018\/01\/05\/espanol-entrevista-a-nuestro-gerente\/\" \/>\n<meta property=\"og:locale\" content=\"en_US\" \/>\n<meta property=\"og:type\" content=\"article\" \/>\n<meta property=\"og:title\" content=\"[:es]Entrevista a nuestro Gerente[:ca]Entrevista al nostre Gerent[:en]Interview with our Manager[:fr]Entretien avec notre manager[:]\" \/>\n<meta property=\"og:description\" content=\"05\/01\/2018 FIMMA-Maderalia celebrar\u00e1 un nueva edici\u00f3n, en Feria Valencia, del 6 al 9 del pr\u00f3ximo mes de febrero. En el caso de FIMMA, la feria de la\" \/>\n<meta property=\"og:url\" content=\"https:\/\/rierge.com\/pb\/2018\/01\/05\/espanol-entrevista-a-nuestro-gerente\/\" \/>\n<meta property=\"og:site_name\" content=\"RIERGE\" \/>\n<meta property=\"article:published_time\" content=\"2018-01-05T10:15:49+00:00\" \/>\n<meta property=\"article:modified_time\" content=\"2018-01-09T10:09:45+00:00\" \/>\n<meta property=\"og:image\" content=\"https:\/\/rierge.com\/wp-content\/uploads\/2018\/01\/presidente_fimma.jpg\" \/>\n\t<meta property=\"og:image:width\" content=\"712\" \/>\n\t<meta property=\"og:image:height\" content=\"436\" \/>\n\t<meta property=\"og:image:type\" content=\"image\/jpeg\" \/>\n<meta name=\"author\" content=\"admin\" \/>\n<meta name=\"twitter:card\" content=\"summary_large_image\" \/>\n<meta name=\"twitter:label1\" content=\"Written by\" \/>\n\t<meta name=\"twitter:data1\" content=\"admin\" \/>\n\t<meta name=\"twitter:label2\" content=\"Est. reading time\" \/>\n\t<meta name=\"twitter:data2\" content=\"2 minutes\" \/>\n<script type=\"application\/ld+json\" class=\"yoast-schema-graph\">{\"@context\":\"https:\/\/schema.org\",\"@graph\":[{\"@type\":\"Article\",\"@id\":\"https:\/\/rierge.com\/pb\/2018\/01\/05\/espanol-entrevista-a-nuestro-gerente\/#article\",\"isPartOf\":{\"@id\":\"https:\/\/rierge.com\/pb\/2018\/01\/05\/espanol-entrevista-a-nuestro-gerente\/\"},\"author\":{\"name\":\"admin\",\"@id\":\"https:\/\/rierge.com\/en\/#\/schema\/person\/a700fc52e66409a731fa608758a0a708\"},\"headline\":\"Interview with our Manager\",\"datePublished\":\"2018-01-05T10:15:49+00:00\",\"dateModified\":\"2018-01-09T10:09:45+00:00\",\"mainEntityOfPage\":{\"@id\":\"https:\/\/rierge.com\/pb\/2018\/01\/05\/espanol-entrevista-a-nuestro-gerente\/\"},\"wordCount\":387,\"publisher\":{\"@id\":\"https:\/\/rierge.com\/en\/#organization\"},\"image\":{\"@id\":\"https:\/\/rierge.com\/pb\/2018\/01\/05\/espanol-entrevista-a-nuestro-gerente\/#primaryimage\"},\"thumbnailUrl\":\"https:\/\/rierge.com\/wp-content\/uploads\/2018\/01\/presidente_fimma.jpg\",\"articleSection\":[\"Sin categor\u00eda\"],\"inLanguage\":\"en-US\"},{\"@type\":\"WebPage\",\"@id\":\"https:\/\/rierge.com\/pb\/2018\/01\/05\/espanol-entrevista-a-nuestro-gerente\/\",\"url\":\"https:\/\/rierge.com\/pb\/2018\/01\/05\/espanol-entrevista-a-nuestro-gerente\/\",\"name\":\"[:es]Entrevista a nuestro Gerente[:ca]Entrevista al nostre Gerent[:en]Interview with our Manager[:fr]Entretien avec notre manager[:] - RIERGE\",\"isPartOf\":{\"@id\":\"https:\/\/rierge.com\/en\/#website\"},\"primaryImageOfPage\":{\"@id\":\"https:\/\/rierge.com\/pb\/2018\/01\/05\/espanol-entrevista-a-nuestro-gerente\/#primaryimage\"},\"image\":{\"@id\":\"https:\/\/rierge.com\/pb\/2018\/01\/05\/espanol-entrevista-a-nuestro-gerente\/#primaryimage\"},\"thumbnailUrl\":\"https:\/\/rierge.com\/wp-content\/uploads\/2018\/01\/presidente_fimma.jpg\",\"datePublished\":\"2018-01-05T10:15:49+00:00\",\"dateModified\":\"2018-01-09T10:09:45+00:00\",\"description\":\"05\/01\/2018 FIMMA-Maderalia celebrar\u00e1 un nueva edici\u00f3n, en Feria Valencia, del 6 al 9 del pr\u00f3ximo mes de febrero. En el caso de FIMMA, la feria de la\",\"breadcrumb\":{\"@id\":\"https:\/\/rierge.com\/pb\/2018\/01\/05\/espanol-entrevista-a-nuestro-gerente\/#breadcrumb\"},\"inLanguage\":\"en-US\",\"potentialAction\":[{\"@type\":\"ReadAction\",\"target\":[\"https:\/\/rierge.com\/pb\/2018\/01\/05\/espanol-entrevista-a-nuestro-gerente\/\"]}]},{\"@type\":\"ImageObject\",\"inLanguage\":\"en-US\",\"@id\":\"https:\/\/rierge.com\/pb\/2018\/01\/05\/espanol-entrevista-a-nuestro-gerente\/#primaryimage\",\"url\":\"https:\/\/rierge.com\/wp-content\/uploads\/2018\/01\/presidente_fimma.jpg\",\"contentUrl\":\"https:\/\/rierge.com\/wp-content\/uploads\/2018\/01\/presidente_fimma.jpg\",\"width\":712,\"height\":436},{\"@type\":\"BreadcrumbList\",\"@id\":\"https:\/\/rierge.com\/pb\/2018\/01\/05\/espanol-entrevista-a-nuestro-gerente\/#breadcrumb\",\"itemListElement\":[{\"@type\":\"ListItem\",\"position\":1,\"name\":\"Home\",\"item\":\"https:\/\/rierge.com\/\"},{\"@type\":\"ListItem\",\"position\":2,\"name\":\"(Espa\u00f1ol) Entrevista a nuestro Gerente\"}]},{\"@type\":\"WebSite\",\"@id\":\"https:\/\/rierge.com\/en\/#website\",\"url\":\"https:\/\/rierge.com\/en\/\",\"name\":\"RIERGE\",\"description\":\"\",\"publisher\":{\"@id\":\"https:\/\/rierge.com\/en\/#organization\"},\"potentialAction\":[{\"@type\":\"SearchAction\",\"target\":{\"@type\":\"EntryPoint\",\"urlTemplate\":\"https:\/\/rierge.com\/en\/?s={search_term_string}\"},\"query-input\":{\"@type\":\"PropertyValueSpecification\",\"valueRequired\":true,\"valueName\":\"search_term_string\"}}],\"inLanguage\":\"en-US\"},{\"@type\":\"Organization\",\"@id\":\"https:\/\/rierge.com\/en\/#organization\",\"name\":\"Rierge\",\"url\":\"https:\/\/rierge.com\/en\/\",\"logo\":{\"@type\":\"ImageObject\",\"inLanguage\":\"en-US\",\"@id\":\"https:\/\/rierge.com\/en\/#\/schema\/logo\/image\/\",\"url\":\"https:\/\/rierge.com\/wp-content\/uploads\/2017\/06\/logo-rierge-desde-1954.jpg\",\"contentUrl\":\"https:\/\/rierge.com\/wp-content\/uploads\/2017\/06\/logo-rierge-desde-1954.jpg\",\"width\":180,\"height\":50,\"caption\":\"Rierge\"},\"image\":{\"@id\":\"https:\/\/rierge.com\/en\/#\/schema\/logo\/image\/\"}},{\"@type\":\"Person\",\"@id\":\"https:\/\/rierge.com\/en\/#\/schema\/person\/a700fc52e66409a731fa608758a0a708\",\"name\":\"admin\",\"image\":{\"@type\":\"ImageObject\",\"inLanguage\":\"en-US\",\"@id\":\"https:\/\/rierge.com\/en\/#\/schema\/person\/image\/\",\"url\":\"https:\/\/secure.gravatar.com\/avatar\/ae6430de1af9824c021c1ada823187a8?s=96&d=mm&r=g\",\"contentUrl\":\"https:\/\/secure.gravatar.com\/avatar\/ae6430de1af9824c021c1ada823187a8?s=96&d=mm&r=g\",\"caption\":\"admin\"},\"url\":\"https:\/\/rierge.com\/en\/author\/admin\/\"}]}<\/script>\n<!-- \/ Yoast SEO Premium plugin. -->","yoast_head_json":{"title":"[:es]Entrevista a nuestro Gerente[:ca]Entrevista al nostre Gerent[:en]Interview with our Manager[:fr]Entretien avec notre manager[:] - RIERGE","description":"05\/01\/2018 FIMMA-Maderalia celebrar\u00e1 un nueva edici\u00f3n, en Feria Valencia, del 6 al 9 del pr\u00f3ximo mes de febrero. En el caso de FIMMA, la feria de la","robots":{"index":"index","follow":"follow","max-snippet":"max-snippet:-1","max-image-preview":"max-image-preview:large","max-video-preview":"max-video-preview:-1"},"canonical":"https:\/\/rierge.com\/pb\/2018\/01\/05\/espanol-entrevista-a-nuestro-gerente\/","og_locale":"en_US","og_type":"article","og_title":"[:es]Entrevista a nuestro Gerente[:ca]Entrevista al nostre Gerent[:en]Interview with our Manager[:fr]Entretien avec notre manager[:]","og_description":"05\/01\/2018 FIMMA-Maderalia celebrar\u00e1 un nueva edici\u00f3n, en Feria Valencia, del 6 al 9 del pr\u00f3ximo mes de febrero. En el caso de FIMMA, la feria de la","og_url":"https:\/\/rierge.com\/pb\/2018\/01\/05\/espanol-entrevista-a-nuestro-gerente\/","og_site_name":"RIERGE","article_published_time":"2018-01-05T10:15:49+00:00","article_modified_time":"2018-01-09T10:09:45+00:00","og_image":[{"width":712,"height":436,"url":"https:\/\/rierge.com\/wp-content\/uploads\/2018\/01\/presidente_fimma.jpg","type":"image\/jpeg"}],"author":"admin","twitter_card":"summary_large_image","twitter_misc":{"Written by":"admin","Est. reading time":"2 minutes"},"schema":{"@context":"https:\/\/schema.org","@graph":[{"@type":"Article","@id":"https:\/\/rierge.com\/pb\/2018\/01\/05\/espanol-entrevista-a-nuestro-gerente\/#article","isPartOf":{"@id":"https:\/\/rierge.com\/pb\/2018\/01\/05\/espanol-entrevista-a-nuestro-gerente\/"},"author":{"name":"admin","@id":"https:\/\/rierge.com\/en\/#\/schema\/person\/a700fc52e66409a731fa608758a0a708"},"headline":"Interview with our Manager","datePublished":"2018-01-05T10:15:49+00:00","dateModified":"2018-01-09T10:09:45+00:00","mainEntityOfPage":{"@id":"https:\/\/rierge.com\/pb\/2018\/01\/05\/espanol-entrevista-a-nuestro-gerente\/"},"wordCount":387,"publisher":{"@id":"https:\/\/rierge.com\/en\/#organization"},"image":{"@id":"https:\/\/rierge.com\/pb\/2018\/01\/05\/espanol-entrevista-a-nuestro-gerente\/#primaryimage"},"thumbnailUrl":"https:\/\/rierge.com\/wp-content\/uploads\/2018\/01\/presidente_fimma.jpg","articleSection":["Sin categor\u00eda"],"inLanguage":"en-US"},{"@type":"WebPage","@id":"https:\/\/rierge.com\/pb\/2018\/01\/05\/espanol-entrevista-a-nuestro-gerente\/","url":"https:\/\/rierge.com\/pb\/2018\/01\/05\/espanol-entrevista-a-nuestro-gerente\/","name":"[:es]Entrevista a nuestro Gerente[:ca]Entrevista al nostre Gerent[:en]Interview with our Manager[:fr]Entretien avec notre manager[:] - RIERGE","isPartOf":{"@id":"https:\/\/rierge.com\/en\/#website"},"primaryImageOfPage":{"@id":"https:\/\/rierge.com\/pb\/2018\/01\/05\/espanol-entrevista-a-nuestro-gerente\/#primaryimage"},"image":{"@id":"https:\/\/rierge.com\/pb\/2018\/01\/05\/espanol-entrevista-a-nuestro-gerente\/#primaryimage"},"thumbnailUrl":"https:\/\/rierge.com\/wp-content\/uploads\/2018\/01\/presidente_fimma.jpg","datePublished":"2018-01-05T10:15:49+00:00","dateModified":"2018-01-09T10:09:45+00:00","description":"05\/01\/2018 FIMMA-Maderalia celebrar\u00e1 un nueva edici\u00f3n, en Feria Valencia, del 6 al 9 del pr\u00f3ximo mes de febrero. En el caso de FIMMA, la feria de la","breadcrumb":{"@id":"https:\/\/rierge.com\/pb\/2018\/01\/05\/espanol-entrevista-a-nuestro-gerente\/#breadcrumb"},"inLanguage":"en-US","potentialAction":[{"@type":"ReadAction","target":["https:\/\/rierge.com\/pb\/2018\/01\/05\/espanol-entrevista-a-nuestro-gerente\/"]}]},{"@type":"ImageObject","inLanguage":"en-US","@id":"https:\/\/rierge.com\/pb\/2018\/01\/05\/espanol-entrevista-a-nuestro-gerente\/#primaryimage","url":"https:\/\/rierge.com\/wp-content\/uploads\/2018\/01\/presidente_fimma.jpg","contentUrl":"https:\/\/rierge.com\/wp-content\/uploads\/2018\/01\/presidente_fimma.jpg","width":712,"height":436},{"@type":"BreadcrumbList","@id":"https:\/\/rierge.com\/pb\/2018\/01\/05\/espanol-entrevista-a-nuestro-gerente\/#breadcrumb","itemListElement":[{"@type":"ListItem","position":1,"name":"Home","item":"https:\/\/rierge.com\/"},{"@type":"ListItem","position":2,"name":"(Espa\u00f1ol) Entrevista a nuestro Gerente"}]},{"@type":"WebSite","@id":"https:\/\/rierge.com\/en\/#website","url":"https:\/\/rierge.com\/en\/","name":"RIERGE","description":"","publisher":{"@id":"https:\/\/rierge.com\/en\/#organization"},"potentialAction":[{"@type":"SearchAction","target":{"@type":"EntryPoint","urlTemplate":"https:\/\/rierge.com\/en\/?s={search_term_string}"},"query-input":{"@type":"PropertyValueSpecification","valueRequired":true,"valueName":"search_term_string"}}],"inLanguage":"en-US"},{"@type":"Organization","@id":"https:\/\/rierge.com\/en\/#organization","name":"Rierge","url":"https:\/\/rierge.com\/en\/","logo":{"@type":"ImageObject","inLanguage":"en-US","@id":"https:\/\/rierge.com\/en\/#\/schema\/logo\/image\/","url":"https:\/\/rierge.com\/wp-content\/uploads\/2017\/06\/logo-rierge-desde-1954.jpg","contentUrl":"https:\/\/rierge.com\/wp-content\/uploads\/2017\/06\/logo-rierge-desde-1954.jpg","width":180,"height":50,"caption":"Rierge"},"image":{"@id":"https:\/\/rierge.com\/en\/#\/schema\/logo\/image\/"}},{"@type":"Person","@id":"https:\/\/rierge.com\/en\/#\/schema\/person\/a700fc52e66409a731fa608758a0a708","name":"admin","image":{"@type":"ImageObject","inLanguage":"en-US","@id":"https:\/\/rierge.com\/en\/#\/schema\/person\/image\/","url":"https:\/\/secure.gravatar.com\/avatar\/ae6430de1af9824c021c1ada823187a8?s=96&d=mm&r=g","contentUrl":"https:\/\/secure.gravatar.com\/avatar\/ae6430de1af9824c021c1ada823187a8?s=96&d=mm&r=g","caption":"admin"},"url":"https:\/\/rierge.com\/en\/author\/admin\/"}]}},"_links":{"self":[{"href":"https:\/\/rierge.com\/en\/wp-json\/wp\/v2\/posts\/4483","targetHints":{"allow":["GET"]}}],"collection":[{"href":"https:\/\/rierge.com\/en\/wp-json\/wp\/v2\/posts"}],"about":[{"href":"https:\/\/rierge.com\/en\/wp-json\/wp\/v2\/types\/post"}],"author":[{"embeddable":true,"href":"https:\/\/rierge.com\/en\/wp-json\/wp\/v2\/users\/1"}],"replies":[{"embeddable":true,"href":"https:\/\/rierge.com\/en\/wp-json\/wp\/v2\/comments?post=4483"}],"version-history":[{"count":0,"href":"https:\/\/rierge.com\/en\/wp-json\/wp\/v2\/posts\/4483\/revisions"}],"wp:featuredmedia":[{"embeddable":true,"href":"https:\/\/rierge.com\/en\/wp-json\/wp\/v2\/media\/4488"}],"wp:attachment":[{"href":"https:\/\/rierge.com\/en\/wp-json\/wp\/v2\/media?parent=4483"}],"wp:term":[{"taxonomy":"category","embeddable":true,"href":"https:\/\/rierge.com\/en\/wp-json\/wp\/v2\/categories?post=4483"},{"taxonomy":"post_tag","embeddable":true,"href":"https:\/\/rierge.com\/en\/wp-json\/wp\/v2\/tags?post=4483"}],"curies":[{"name":"wp","href":"https:\/\/api.w.org\/{rel}","templated":true}]}}