{"id":4031,"date":"2017-11-04T14:38:42","date_gmt":"2017-11-04T14:38:42","guid":{"rendered":"http:\/\/rierge.com\/es\/?p=4031"},"modified":"2017-11-06T08:39:35","modified_gmt":"2017-11-06T08:39:35","slug":"delegacion-centro-2","status":"publish","type":"post","link":"https:\/\/rierge.com\/en\/2017\/11\/04\/delegacion-centro-2\/","title":{"rendered":"Centre delegation"},"content":{"rendered":"<p><\/p>\n<p style=\"text-align: right;\"><span style=\"color: #999999;\">02\/11\/2017<\/span><\/p>\n<p style=\"text-align: justify;\">Since today the Rierge&#8217;s Delegation in the Central Zone is already operative. <br \/>\nMr. Javier Hornillos is the responsible of this and he is at your servise to advise you on choosing the most appropiate solution to your needs.<\/p>\n<p style=\"text-align: justify;\">Contact telephone: 683420137 <br \/>\nemail: rierge.centro@rierge.com<\/p>\n<p><\/p>","protected":false},"excerpt":{"rendered":"<p>02\/11\/2017 Since today the Rierge&#8217;s Delegation in the Central Zone is already operative. Mr. Javier Hornillos is the responsible of this and he is at your servise to advise you on choosing the most appropiate solution to your needs. Contact telephone: 683420137 email: rierge.centro@rierge.com<\/p>\n","protected":false},"author":1,"featured_media":3897,"comment_status":"closed","ping_status":"closed","sticky":false,"template":"","format":"standard","meta":{"footnotes":""},"categories":[1],"tags":[],"class_list":["post-4031","post","type-post","status-publish","format-standard","has-post-thumbnail","hentry","category-sin-categoria"],"yoast_head":"<!-- This site is optimized with the Yoast SEO Premium plugin v18.4 (Yoast SEO v24.9) - https:\/\/yoast.com\/wordpress\/plugins\/seo\/ -->\n<title>Centre delegation - RIERGE<\/title>\n<meta name=\"description\" content=\"02\/11\/2017 A partir del d\u00eda de hoy ya est\u00e1 operativa la Delegaci\u00f3n de Rierge en la Zona Centro. D. Javier Hornillos es el responsable de la misma y est\u00e1 a\" \/>\n<meta name=\"robots\" content=\"index, follow, max-snippet:-1, max-image-preview:large, max-video-preview:-1\" \/>\n<link rel=\"canonical\" href=\"https:\/\/rierge.com\/en\/2017\/11\/04\/espanol-delegacion-centro-2\/\" \/>\n<meta property=\"og:locale\" content=\"en_US\" \/>\n<meta property=\"og:type\" content=\"article\" \/>\n<meta property=\"og:title\" content=\"[:es]Delegaci\u00f3n Centro[:ca]Delegaci\u00f3 centre[:en]Centre delegation[:]\" \/>\n<meta property=\"og:description\" content=\"02\/11\/2017 A partir del d\u00eda de hoy ya est\u00e1 operativa la Delegaci\u00f3n de Rierge en la Zona Centro. D. Javier Hornillos es el responsable de la misma y est\u00e1 a\" \/>\n<meta property=\"og:url\" content=\"https:\/\/rierge.com\/en\/2017\/11\/04\/espanol-delegacion-centro-2\/\" \/>\n<meta property=\"og:site_name\" content=\"RIERGE\" \/>\n<meta property=\"article:published_time\" content=\"2017-11-04T14:38:42+00:00\" \/>\n<meta property=\"article:modified_time\" content=\"2017-11-06T08:39:35+00:00\" \/>\n<meta property=\"og:image\" content=\"https:\/\/rierge.com\/wp-content\/uploads\/2017\/10\/rierge-delegacion-centro.jpg\" \/>\n\t<meta property=\"og:image:width\" content=\"497\" \/>\n\t<meta property=\"og:image:height\" content=\"521\" \/>\n\t<meta property=\"og:image:type\" content=\"image\/jpeg\" \/>\n<meta name=\"author\" content=\"admin\" \/>\n<meta name=\"twitter:card\" content=\"summary_large_image\" \/>\n<meta name=\"twitter:label1\" content=\"Written by\" \/>\n\t<meta name=\"twitter:data1\" content=\"admin\" \/>\n\t<meta name=\"twitter:label2\" content=\"Est. reading time\" \/>\n\t<meta name=\"twitter:data2\" content=\"1 minute\" \/>\n<script type=\"application\/ld+json\" class=\"yoast-schema-graph\">{\"@context\":\"https:\/\/schema.org\",\"@graph\":[{\"@type\":\"Article\",\"@id\":\"https:\/\/rierge.com\/en\/2017\/11\/04\/espanol-delegacion-centro-2\/#article\",\"isPartOf\":{\"@id\":\"https:\/\/rierge.com\/en\/2017\/11\/04\/espanol-delegacion-centro-2\/\"},\"author\":{\"name\":\"admin\",\"@id\":\"https:\/\/rierge.com\/en\/#\/schema\/person\/a700fc52e66409a731fa608758a0a708\"},\"headline\":\"Centre delegation\",\"datePublished\":\"2017-11-04T14:38:42+00:00\",\"dateModified\":\"2017-11-06T08:39:35+00:00\",\"mainEntityOfPage\":{\"@id\":\"https:\/\/rierge.com\/en\/2017\/11\/04\/espanol-delegacion-centro-2\/\"},\"wordCount\":166,\"publisher\":{\"@id\":\"https:\/\/rierge.com\/en\/#organization\"},\"image\":{\"@id\":\"https:\/\/rierge.com\/en\/2017\/11\/04\/espanol-delegacion-centro-2\/#primaryimage\"},\"thumbnailUrl\":\"https:\/\/rierge.com\/wp-content\/uploads\/2017\/10\/rierge-delegacion-centro.jpg\",\"articleSection\":[\"Sin categor\u00eda\"],\"inLanguage\":\"en-US\"},{\"@type\":\"WebPage\",\"@id\":\"https:\/\/rierge.com\/en\/2017\/11\/04\/espanol-delegacion-centro-2\/\",\"url\":\"https:\/\/rierge.com\/en\/2017\/11\/04\/espanol-delegacion-centro-2\/\",\"name\":\"[:es]Delegaci\u00f3n Centro[:ca]Delegaci\u00f3 centre[:en]Centre delegation[:] - RIERGE\",\"isPartOf\":{\"@id\":\"https:\/\/rierge.com\/en\/#website\"},\"primaryImageOfPage\":{\"@id\":\"https:\/\/rierge.com\/en\/2017\/11\/04\/espanol-delegacion-centro-2\/#primaryimage\"},\"image\":{\"@id\":\"https:\/\/rierge.com\/en\/2017\/11\/04\/espanol-delegacion-centro-2\/#primaryimage\"},\"thumbnailUrl\":\"https:\/\/rierge.com\/wp-content\/uploads\/2017\/10\/rierge-delegacion-centro.jpg\",\"datePublished\":\"2017-11-04T14:38:42+00:00\",\"dateModified\":\"2017-11-06T08:39:35+00:00\",\"description\":\"02\/11\/2017 A partir del d\u00eda de hoy ya est\u00e1 operativa la Delegaci\u00f3n de Rierge en la Zona Centro. D. Javier Hornillos es el responsable de la misma y est\u00e1 a\",\"breadcrumb\":{\"@id\":\"https:\/\/rierge.com\/en\/2017\/11\/04\/espanol-delegacion-centro-2\/#breadcrumb\"},\"inLanguage\":\"en-US\",\"potentialAction\":[{\"@type\":\"ReadAction\",\"target\":[\"https:\/\/rierge.com\/en\/2017\/11\/04\/espanol-delegacion-centro-2\/\"]}]},{\"@type\":\"ImageObject\",\"inLanguage\":\"en-US\",\"@id\":\"https:\/\/rierge.com\/en\/2017\/11\/04\/espanol-delegacion-centro-2\/#primaryimage\",\"url\":\"https:\/\/rierge.com\/wp-content\/uploads\/2017\/10\/rierge-delegacion-centro.jpg\",\"contentUrl\":\"https:\/\/rierge.com\/wp-content\/uploads\/2017\/10\/rierge-delegacion-centro.jpg\",\"width\":497,\"height\":521},{\"@type\":\"BreadcrumbList\",\"@id\":\"https:\/\/rierge.com\/en\/2017\/11\/04\/espanol-delegacion-centro-2\/#breadcrumb\",\"itemListElement\":[{\"@type\":\"ListItem\",\"position\":1,\"name\":\"Home\",\"item\":\"https:\/\/rierge.com\/\"},{\"@type\":\"ListItem\",\"position\":2,\"name\":\"Centre delegation\"}]},{\"@type\":\"WebSite\",\"@id\":\"https:\/\/rierge.com\/en\/#website\",\"url\":\"https:\/\/rierge.com\/en\/\",\"name\":\"RIERGE\",\"description\":\"\",\"publisher\":{\"@id\":\"https:\/\/rierge.com\/en\/#organization\"},\"potentialAction\":[{\"@type\":\"SearchAction\",\"target\":{\"@type\":\"EntryPoint\",\"urlTemplate\":\"https:\/\/rierge.com\/en\/?s={search_term_string}\"},\"query-input\":{\"@type\":\"PropertyValueSpecification\",\"valueRequired\":true,\"valueName\":\"search_term_string\"}}],\"inLanguage\":\"en-US\"},{\"@type\":\"Organization\",\"@id\":\"https:\/\/rierge.com\/en\/#organization\",\"name\":\"Rierge\",\"url\":\"https:\/\/rierge.com\/en\/\",\"logo\":{\"@type\":\"ImageObject\",\"inLanguage\":\"en-US\",\"@id\":\"https:\/\/rierge.com\/en\/#\/schema\/logo\/image\/\",\"url\":\"https:\/\/rierge.com\/wp-content\/uploads\/2017\/06\/logo-rierge-desde-1954.jpg\",\"contentUrl\":\"https:\/\/rierge.com\/wp-content\/uploads\/2017\/06\/logo-rierge-desde-1954.jpg\",\"width\":180,\"height\":50,\"caption\":\"Rierge\"},\"image\":{\"@id\":\"https:\/\/rierge.com\/en\/#\/schema\/logo\/image\/\"}},{\"@type\":\"Person\",\"@id\":\"https:\/\/rierge.com\/en\/#\/schema\/person\/a700fc52e66409a731fa608758a0a708\",\"name\":\"admin\",\"image\":{\"@type\":\"ImageObject\",\"inLanguage\":\"en-US\",\"@id\":\"https:\/\/rierge.com\/en\/#\/schema\/person\/image\/\",\"url\":\"https:\/\/secure.gravatar.com\/avatar\/ae6430de1af9824c021c1ada823187a8?s=96&d=mm&r=g\",\"contentUrl\":\"https:\/\/secure.gravatar.com\/avatar\/ae6430de1af9824c021c1ada823187a8?s=96&d=mm&r=g\",\"caption\":\"admin\"},\"url\":\"https:\/\/rierge.com\/en\/author\/admin\/\"}]}<\/script>\n<!-- \/ Yoast SEO Premium plugin. -->","yoast_head_json":{"title":"[:es]Delegaci\u00f3n Centro[:ca]Delegaci\u00f3 centre[:en]Centre delegation[:] - RIERGE","description":"02\/11\/2017 A partir del d\u00eda de hoy ya est\u00e1 operativa la Delegaci\u00f3n de Rierge en la Zona Centro. D. Javier Hornillos es el responsable de la misma y est\u00e1 a","robots":{"index":"index","follow":"follow","max-snippet":"max-snippet:-1","max-image-preview":"max-image-preview:large","max-video-preview":"max-video-preview:-1"},"canonical":"https:\/\/rierge.com\/en\/2017\/11\/04\/espanol-delegacion-centro-2\/","og_locale":"en_US","og_type":"article","og_title":"[:es]Delegaci\u00f3n Centro[:ca]Delegaci\u00f3 centre[:en]Centre delegation[:]","og_description":"02\/11\/2017 A partir del d\u00eda de hoy ya est\u00e1 operativa la Delegaci\u00f3n de Rierge en la Zona Centro. D. Javier Hornillos es el responsable de la misma y est\u00e1 a","og_url":"https:\/\/rierge.com\/en\/2017\/11\/04\/espanol-delegacion-centro-2\/","og_site_name":"RIERGE","article_published_time":"2017-11-04T14:38:42+00:00","article_modified_time":"2017-11-06T08:39:35+00:00","og_image":[{"width":497,"height":521,"url":"https:\/\/rierge.com\/wp-content\/uploads\/2017\/10\/rierge-delegacion-centro.jpg","type":"image\/jpeg"}],"author":"admin","twitter_card":"summary_large_image","twitter_misc":{"Written by":"admin","Est. reading time":"1 minute"},"schema":{"@context":"https:\/\/schema.org","@graph":[{"@type":"Article","@id":"https:\/\/rierge.com\/en\/2017\/11\/04\/espanol-delegacion-centro-2\/#article","isPartOf":{"@id":"https:\/\/rierge.com\/en\/2017\/11\/04\/espanol-delegacion-centro-2\/"},"author":{"name":"admin","@id":"https:\/\/rierge.com\/en\/#\/schema\/person\/a700fc52e66409a731fa608758a0a708"},"headline":"Centre delegation","datePublished":"2017-11-04T14:38:42+00:00","dateModified":"2017-11-06T08:39:35+00:00","mainEntityOfPage":{"@id":"https:\/\/rierge.com\/en\/2017\/11\/04\/espanol-delegacion-centro-2\/"},"wordCount":166,"publisher":{"@id":"https:\/\/rierge.com\/en\/#organization"},"image":{"@id":"https:\/\/rierge.com\/en\/2017\/11\/04\/espanol-delegacion-centro-2\/#primaryimage"},"thumbnailUrl":"https:\/\/rierge.com\/wp-content\/uploads\/2017\/10\/rierge-delegacion-centro.jpg","articleSection":["Sin categor\u00eda"],"inLanguage":"en-US"},{"@type":"WebPage","@id":"https:\/\/rierge.com\/en\/2017\/11\/04\/espanol-delegacion-centro-2\/","url":"https:\/\/rierge.com\/en\/2017\/11\/04\/espanol-delegacion-centro-2\/","name":"[:es]Delegaci\u00f3n Centro[:ca]Delegaci\u00f3 centre[:en]Centre delegation[:] - RIERGE","isPartOf":{"@id":"https:\/\/rierge.com\/en\/#website"},"primaryImageOfPage":{"@id":"https:\/\/rierge.com\/en\/2017\/11\/04\/espanol-delegacion-centro-2\/#primaryimage"},"image":{"@id":"https:\/\/rierge.com\/en\/2017\/11\/04\/espanol-delegacion-centro-2\/#primaryimage"},"thumbnailUrl":"https:\/\/rierge.com\/wp-content\/uploads\/2017\/10\/rierge-delegacion-centro.jpg","datePublished":"2017-11-04T14:38:42+00:00","dateModified":"2017-11-06T08:39:35+00:00","description":"02\/11\/2017 A partir del d\u00eda de hoy ya est\u00e1 operativa la Delegaci\u00f3n de Rierge en la Zona Centro. D. Javier Hornillos es el responsable de la misma y est\u00e1 a","breadcrumb":{"@id":"https:\/\/rierge.com\/en\/2017\/11\/04\/espanol-delegacion-centro-2\/#breadcrumb"},"inLanguage":"en-US","potentialAction":[{"@type":"ReadAction","target":["https:\/\/rierge.com\/en\/2017\/11\/04\/espanol-delegacion-centro-2\/"]}]},{"@type":"ImageObject","inLanguage":"en-US","@id":"https:\/\/rierge.com\/en\/2017\/11\/04\/espanol-delegacion-centro-2\/#primaryimage","url":"https:\/\/rierge.com\/wp-content\/uploads\/2017\/10\/rierge-delegacion-centro.jpg","contentUrl":"https:\/\/rierge.com\/wp-content\/uploads\/2017\/10\/rierge-delegacion-centro.jpg","width":497,"height":521},{"@type":"BreadcrumbList","@id":"https:\/\/rierge.com\/en\/2017\/11\/04\/espanol-delegacion-centro-2\/#breadcrumb","itemListElement":[{"@type":"ListItem","position":1,"name":"Home","item":"https:\/\/rierge.com\/"},{"@type":"ListItem","position":2,"name":"Centre delegation"}]},{"@type":"WebSite","@id":"https:\/\/rierge.com\/en\/#website","url":"https:\/\/rierge.com\/en\/","name":"RIERGE","description":"","publisher":{"@id":"https:\/\/rierge.com\/en\/#organization"},"potentialAction":[{"@type":"SearchAction","target":{"@type":"EntryPoint","urlTemplate":"https:\/\/rierge.com\/en\/?s={search_term_string}"},"query-input":{"@type":"PropertyValueSpecification","valueRequired":true,"valueName":"search_term_string"}}],"inLanguage":"en-US"},{"@type":"Organization","@id":"https:\/\/rierge.com\/en\/#organization","name":"Rierge","url":"https:\/\/rierge.com\/en\/","logo":{"@type":"ImageObject","inLanguage":"en-US","@id":"https:\/\/rierge.com\/en\/#\/schema\/logo\/image\/","url":"https:\/\/rierge.com\/wp-content\/uploads\/2017\/06\/logo-rierge-desde-1954.jpg","contentUrl":"https:\/\/rierge.com\/wp-content\/uploads\/2017\/06\/logo-rierge-desde-1954.jpg","width":180,"height":50,"caption":"Rierge"},"image":{"@id":"https:\/\/rierge.com\/en\/#\/schema\/logo\/image\/"}},{"@type":"Person","@id":"https:\/\/rierge.com\/en\/#\/schema\/person\/a700fc52e66409a731fa608758a0a708","name":"admin","image":{"@type":"ImageObject","inLanguage":"en-US","@id":"https:\/\/rierge.com\/en\/#\/schema\/person\/image\/","url":"https:\/\/secure.gravatar.com\/avatar\/ae6430de1af9824c021c1ada823187a8?s=96&d=mm&r=g","contentUrl":"https:\/\/secure.gravatar.com\/avatar\/ae6430de1af9824c021c1ada823187a8?s=96&d=mm&r=g","caption":"admin"},"url":"https:\/\/rierge.com\/en\/author\/admin\/"}]}},"_links":{"self":[{"href":"https:\/\/rierge.com\/en\/wp-json\/wp\/v2\/posts\/4031","targetHints":{"allow":["GET"]}}],"collection":[{"href":"https:\/\/rierge.com\/en\/wp-json\/wp\/v2\/posts"}],"about":[{"href":"https:\/\/rierge.com\/en\/wp-json\/wp\/v2\/types\/post"}],"author":[{"embeddable":true,"href":"https:\/\/rierge.com\/en\/wp-json\/wp\/v2\/users\/1"}],"replies":[{"embeddable":true,"href":"https:\/\/rierge.com\/en\/wp-json\/wp\/v2\/comments?post=4031"}],"version-history":[{"count":0,"href":"https:\/\/rierge.com\/en\/wp-json\/wp\/v2\/posts\/4031\/revisions"}],"wp:featuredmedia":[{"embeddable":true,"href":"https:\/\/rierge.com\/en\/wp-json\/wp\/v2\/media\/3897"}],"wp:attachment":[{"href":"https:\/\/rierge.com\/en\/wp-json\/wp\/v2\/media?parent=4031"}],"wp:term":[{"taxonomy":"category","embeddable":true,"href":"https:\/\/rierge.com\/en\/wp-json\/wp\/v2\/categories?post=4031"},{"taxonomy":"post_tag","embeddable":true,"href":"https:\/\/rierge.com\/en\/wp-json\/wp\/v2\/tags?post=4031"}],"curies":[{"name":"wp","href":"https:\/\/api.w.org\/{rel}","templated":true}]}}