{"id":7688,"date":"2023-09-28T11:05:24","date_gmt":"2023-09-28T11:05:24","guid":{"rendered":"https:\/\/rierge.com\/?p=7688"},"modified":"2024-02-27T10:53:28","modified_gmt":"2024-02-27T10:53:28","slug":"fimma-maderalia-calienta-motores","status":"publish","type":"post","link":"https:\/\/rierge.com\/ca\/2023\/09\/28\/fimma-maderalia-calienta-motores\/","title":{"rendered":"FIMMA MADER\u00c0LIA ESCALFA MOTORS"},"content":{"rendered":"<p><\/p>\n<p style=\"text-align: right;\"><span style=\"color: #999999;\">28\/09\/2023<\/span><\/p>\n<p style=\"text-align: justify;\"><span class=\"HwtZe\" lang=\"ca\"><span class=\"jCAhz ChMk0b\"><span class=\"ryNqvb\"><a href=\"https:\/\/www.interempresas.net\/Madera\/Articulos\/491001-Fimma-Maderalia-crece-y-amplia-a-seis-pabellones-su-convocatoria-de-2024.html\" target=\"_blank\" rel=\"noopener\">Fira Val\u00e8ncia<\/a> comen\u00e7a l&#8217;organitzaci\u00f3 de la propera edici\u00f3 per al 2024, ser\u00e0 l&#8217;edici\u00f3 n\u00famero 40 des que al 1963 comen\u00e7\u00e0 la Fira de Mostres de la Maquin\u00e0ria i Afins.<\/span><\/span> <\/span><\/p>\n<p style=\"text-align: justify;\"><span class=\"HwtZe\" lang=\"ca\"><span class=\"jCAhz ChMk0b\"><span class=\"ryNqvb\">Tinc l&#8217;honor de presidir el comit\u00e8 organitzador de FIMMA, que \u00e9s la secci\u00f3 de la Fira que d\u00f3na cabuda a m\u00e0quines, programari i equipaments.<\/span><\/span> <\/span><\/p>\n<p style=\"text-align: justify;\"><span class=\"HwtZe\" lang=\"ca\"><span class=\"jCAhz ChMk0b\"><span class=\"ryNqvb\">Per a aquesta propera edici\u00f3 estem organitzant una fira altament tecnol\u00f2gica, on el visitant podr\u00e0 con\u00e8ixer de primera m\u00e0 l&#8217;estat actual de la t\u00e8cnica, per poder implementar-la en els seus processos productius per aconseguir m\u00e9s productivitat i qualitat.<\/span><\/span> <\/span><\/p>\n<p style=\"text-align: justify;\"><span class=\"HwtZe\" lang=\"ca\"><span class=\"jCAhz ChMk0b\"><span class=\"ryNqvb\">En general, els fabricants de maquin\u00e0ria, estem investigant, a m\u00e9s de a la part mec\u00e0nica de les m\u00e0quines, la vessant de programari que avui dia forma part dels nostres equips.<\/span><\/span> <\/span><\/p>\n<p style=\"text-align: justify;\"><span class=\"HwtZe\" lang=\"ca\"><span class=\"jCAhz ChMk0b\"><span class=\"ryNqvb\">El programari perqu\u00e8 els usuaris puguin crear de forma f\u00e0cil, nous dissenys i el programari m\u00e0quina, perqu\u00e8 la gesti\u00f3 de tota la instal\u00b7laci\u00f3 estigui sota control i ens generi la informaci\u00f3 necess\u00e0ria per con\u00e8ixer a cada moment la capacitat productiva de les nostres instal\u00b7lacions.<\/span><\/span> <\/span><\/p>\n<p style=\"text-align: center;\"><strong><span class=\"HwtZe\" lang=\"ca\" style=\"color: #ff6600;\"><span class=\"jCAhz ChMk0b\"><span class=\"ryNqvb\">No treballant m\u00e9s hores s&#8217;aconsegueix ser m\u00e9s productiu.<\/span><\/span><\/span><\/strong><\/p>\n<p><a href=\"https:\/\/tpv2.feriavalencia.com\/action\/entrada.do?metodo=generarPantallaPago1&amp;evento=37&amp;evd=41&amp;id=&amp;tip=0&amp;prod=1&amp;tipocliente=P&amp;codact=0&amp;codcon=6440103\" target=\"_blank\" rel=\"noopener\"><strong><span style=\"color: #ff6600;\"><span class=\"HwtZe\" lang=\"ca\"><span class=\"jCAhz ChMk0b\"><span class=\"ryNqvb\">La seva invitaci\u00f3 aqu\u00ed<\/span><\/span><\/span><\/span><\/strong><\/a><\/p>\n<p><\/p>","protected":false},"excerpt":{"rendered":"<p>28\/09\/2023 Fira Val\u00e8ncia comen\u00e7a l&#8217;organitzaci\u00f3 de la propera edici\u00f3 per al 2024, ser\u00e0 l&#8217;edici\u00f3 n\u00famero 40 des que al 1963 comen\u00e7\u00e0 la Fira de Mostres de la Maquin\u00e0ria i Afins. Tinc l&#8217;honor de presidir el comit\u00e8 organitzador de FIMMA, que \u00e9s la secci\u00f3 de la Fira que d\u00f3na cabuda a m\u00e0quines, programari i equipaments. Per [&hellip;]<\/p>\n","protected":false},"author":1,"featured_media":7689,"comment_status":"closed","ping_status":"closed","sticky":false,"template":"","format":"standard","meta":{"footnotes":""},"categories":[1],"tags":[],"class_list":["post-7688","post","type-post","status-publish","format-standard","has-post-thumbnail","hentry","category-sin-categoria"],"yoast_head":"<!-- This site is optimized with the Yoast SEO Premium plugin v18.4 (Yoast SEO v24.9) - https:\/\/yoast.com\/wordpress\/plugins\/seo\/ -->\n<title>FIMMA MADER\u00c0LIA ESCALFA MOTORS - RIERGE<\/title>\n<meta name=\"description\" content=\"28\/09\/2023 Feria Valencia empieza la organizaci\u00f3n de la pr\u00f3xima edici\u00f3n para el 2024, ser\u00e1 la edici\u00f3n n\u00famero 40 des de que en 1963 empez\u00f3 la Feria de\" \/>\n<meta name=\"robots\" content=\"index, follow, max-snippet:-1, max-image-preview:large, max-video-preview:-1\" \/>\n<link rel=\"canonical\" href=\"https:\/\/rierge.com\/2023\/09\/28\/fimma-maderalia-calienta-motores\/\" \/>\n<meta property=\"og:locale\" content=\"ca_ES\" \/>\n<meta property=\"og:type\" content=\"article\" \/>\n<meta property=\"og:title\" content=\"[:es]FIMMA MADERALIA CALIENTA MOTORES[:ca]FIMMA MADER\u00c0LIA ESCALFA MOTORS[:en]FIMMA MADERALIA WARMS UP ENGINES[:fr]FIMMA MADERALIA R\u00c9CHAUFFE LES MOTEURS[:]\" \/>\n<meta property=\"og:description\" content=\"28\/09\/2023 Feria Valencia empieza la organizaci\u00f3n de la pr\u00f3xima edici\u00f3n para el 2024, ser\u00e1 la edici\u00f3n n\u00famero 40 des de que en 1963 empez\u00f3 la Feria de\" \/>\n<meta property=\"og:url\" content=\"https:\/\/rierge.com\/2023\/09\/28\/fimma-maderalia-calienta-motores\/\" \/>\n<meta property=\"og:site_name\" content=\"RIERGE\" \/>\n<meta property=\"article:published_time\" content=\"2023-09-28T11:05:24+00:00\" \/>\n<meta property=\"article:modified_time\" content=\"2024-02-27T10:53:28+00:00\" \/>\n<meta property=\"og:image\" content=\"https:\/\/rierge.com\/wp-content\/uploads\/2023\/09\/4090128.jpeg\" \/>\n\t<meta property=\"og:image:width\" content=\"980\" \/>\n\t<meta property=\"og:image:height\" content=\"560\" \/>\n\t<meta property=\"og:image:type\" content=\"image\/jpeg\" \/>\n<meta name=\"author\" content=\"admin\" \/>\n<meta name=\"twitter:card\" content=\"summary_large_image\" \/>\n<meta name=\"twitter:label1\" content=\"Escrit per\" \/>\n\t<meta name=\"twitter:data1\" content=\"admin\" \/>\n\t<meta name=\"twitter:label2\" content=\"Temps estimat de lectura\" \/>\n\t<meta name=\"twitter:data2\" content=\"4 minuts\" \/>\n<script type=\"application\/ld+json\" class=\"yoast-schema-graph\">{\"@context\":\"https:\/\/schema.org\",\"@graph\":[{\"@type\":\"Article\",\"@id\":\"https:\/\/rierge.com\/2023\/09\/28\/fimma-maderalia-calienta-motores\/#article\",\"isPartOf\":{\"@id\":\"https:\/\/rierge.com\/2023\/09\/28\/fimma-maderalia-calienta-motores\/\"},\"author\":{\"name\":\"admin\",\"@id\":\"https:\/\/rierge.com\/en\/#\/schema\/person\/a700fc52e66409a731fa608758a0a708\"},\"headline\":\"FIMMA MADER\u00c0LIA ESCALFA MOTORS\",\"datePublished\":\"2023-09-28T11:05:24+00:00\",\"dateModified\":\"2024-02-27T10:53:28+00:00\",\"mainEntityOfPage\":{\"@id\":\"https:\/\/rierge.com\/2023\/09\/28\/fimma-maderalia-calienta-motores\/\"},\"wordCount\":788,\"publisher\":{\"@id\":\"https:\/\/rierge.com\/en\/#organization\"},\"image\":{\"@id\":\"https:\/\/rierge.com\/2023\/09\/28\/fimma-maderalia-calienta-motores\/#primaryimage\"},\"thumbnailUrl\":\"https:\/\/rierge.com\/wp-content\/uploads\/2023\/09\/4090128.jpeg\",\"articleSection\":[\"Sin categor\u00eda\"],\"inLanguage\":\"ca\"},{\"@type\":\"WebPage\",\"@id\":\"https:\/\/rierge.com\/2023\/09\/28\/fimma-maderalia-calienta-motores\/\",\"url\":\"https:\/\/rierge.com\/2023\/09\/28\/fimma-maderalia-calienta-motores\/\",\"name\":\"[:es]FIMMA MADERALIA CALIENTA MOTORES[:ca]FIMMA MADER\u00c0LIA ESCALFA MOTORS[:en]FIMMA MADERALIA WARMS UP ENGINES[:fr]FIMMA MADERALIA R\u00c9CHAUFFE LES MOTEURS[:] - RIERGE\",\"isPartOf\":{\"@id\":\"https:\/\/rierge.com\/en\/#website\"},\"primaryImageOfPage\":{\"@id\":\"https:\/\/rierge.com\/2023\/09\/28\/fimma-maderalia-calienta-motores\/#primaryimage\"},\"image\":{\"@id\":\"https:\/\/rierge.com\/2023\/09\/28\/fimma-maderalia-calienta-motores\/#primaryimage\"},\"thumbnailUrl\":\"https:\/\/rierge.com\/wp-content\/uploads\/2023\/09\/4090128.jpeg\",\"datePublished\":\"2023-09-28T11:05:24+00:00\",\"dateModified\":\"2024-02-27T10:53:28+00:00\",\"description\":\"28\/09\/2023 Feria Valencia empieza la organizaci\u00f3n de la pr\u00f3xima edici\u00f3n para el 2024, ser\u00e1 la edici\u00f3n n\u00famero 40 des de que en 1963 empez\u00f3 la Feria de\",\"breadcrumb\":{\"@id\":\"https:\/\/rierge.com\/2023\/09\/28\/fimma-maderalia-calienta-motores\/#breadcrumb\"},\"inLanguage\":\"ca\",\"potentialAction\":[{\"@type\":\"ReadAction\",\"target\":[\"https:\/\/rierge.com\/2023\/09\/28\/fimma-maderalia-calienta-motores\/\"]}]},{\"@type\":\"ImageObject\",\"inLanguage\":\"ca\",\"@id\":\"https:\/\/rierge.com\/2023\/09\/28\/fimma-maderalia-calienta-motores\/#primaryimage\",\"url\":\"https:\/\/rierge.com\/wp-content\/uploads\/2023\/09\/4090128.jpeg\",\"contentUrl\":\"https:\/\/rierge.com\/wp-content\/uploads\/2023\/09\/4090128.jpeg\",\"width\":980,\"height\":560},{\"@type\":\"BreadcrumbList\",\"@id\":\"https:\/\/rierge.com\/2023\/09\/28\/fimma-maderalia-calienta-motores\/#breadcrumb\",\"itemListElement\":[{\"@type\":\"ListItem\",\"position\":1,\"name\":\"Home\",\"item\":\"https:\/\/rierge.com\/\"},{\"@type\":\"ListItem\",\"position\":2,\"name\":\"FIMMA MADERALIA CALIENTA MOTORES\"}]},{\"@type\":\"WebSite\",\"@id\":\"https:\/\/rierge.com\/en\/#website\",\"url\":\"https:\/\/rierge.com\/en\/\",\"name\":\"RIERGE\",\"description\":\"\",\"publisher\":{\"@id\":\"https:\/\/rierge.com\/en\/#organization\"},\"potentialAction\":[{\"@type\":\"SearchAction\",\"target\":{\"@type\":\"EntryPoint\",\"urlTemplate\":\"https:\/\/rierge.com\/en\/?s={search_term_string}\"},\"query-input\":{\"@type\":\"PropertyValueSpecification\",\"valueRequired\":true,\"valueName\":\"search_term_string\"}}],\"inLanguage\":\"ca\"},{\"@type\":\"Organization\",\"@id\":\"https:\/\/rierge.com\/en\/#organization\",\"name\":\"Rierge\",\"url\":\"https:\/\/rierge.com\/en\/\",\"logo\":{\"@type\":\"ImageObject\",\"inLanguage\":\"ca\",\"@id\":\"https:\/\/rierge.com\/en\/#\/schema\/logo\/image\/\",\"url\":\"https:\/\/rierge.com\/wp-content\/uploads\/2017\/06\/logo-rierge-desde-1954.jpg\",\"contentUrl\":\"https:\/\/rierge.com\/wp-content\/uploads\/2017\/06\/logo-rierge-desde-1954.jpg\",\"width\":180,\"height\":50,\"caption\":\"Rierge\"},\"image\":{\"@id\":\"https:\/\/rierge.com\/en\/#\/schema\/logo\/image\/\"}},{\"@type\":\"Person\",\"@id\":\"https:\/\/rierge.com\/en\/#\/schema\/person\/a700fc52e66409a731fa608758a0a708\",\"name\":\"admin\",\"image\":{\"@type\":\"ImageObject\",\"inLanguage\":\"ca\",\"@id\":\"https:\/\/rierge.com\/en\/#\/schema\/person\/image\/\",\"url\":\"https:\/\/secure.gravatar.com\/avatar\/ae6430de1af9824c021c1ada823187a8?s=96&d=mm&r=g\",\"contentUrl\":\"https:\/\/secure.gravatar.com\/avatar\/ae6430de1af9824c021c1ada823187a8?s=96&d=mm&r=g\",\"caption\":\"admin\"},\"url\":\"https:\/\/rierge.com\/ca\/author\/admin\/\"}]}<\/script>\n<!-- \/ Yoast SEO Premium plugin. -->","yoast_head_json":{"title":"[:es]FIMMA MADERALIA CALIENTA MOTORES[:ca]FIMMA MADER\u00c0LIA ESCALFA MOTORS[:en]FIMMA MADERALIA WARMS UP ENGINES[:fr]FIMMA MADERALIA R\u00c9CHAUFFE LES MOTEURS[:] - RIERGE","description":"28\/09\/2023 Feria Valencia empieza la organizaci\u00f3n de la pr\u00f3xima edici\u00f3n para el 2024, ser\u00e1 la edici\u00f3n n\u00famero 40 des de que en 1963 empez\u00f3 la Feria de","robots":{"index":"index","follow":"follow","max-snippet":"max-snippet:-1","max-image-preview":"max-image-preview:large","max-video-preview":"max-video-preview:-1"},"canonical":"https:\/\/rierge.com\/2023\/09\/28\/fimma-maderalia-calienta-motores\/","og_locale":"ca_ES","og_type":"article","og_title":"[:es]FIMMA MADERALIA CALIENTA MOTORES[:ca]FIMMA MADER\u00c0LIA ESCALFA MOTORS[:en]FIMMA MADERALIA WARMS UP ENGINES[:fr]FIMMA MADERALIA R\u00c9CHAUFFE LES MOTEURS[:]","og_description":"28\/09\/2023 Feria Valencia empieza la organizaci\u00f3n de la pr\u00f3xima edici\u00f3n para el 2024, ser\u00e1 la edici\u00f3n n\u00famero 40 des de que en 1963 empez\u00f3 la Feria de","og_url":"https:\/\/rierge.com\/2023\/09\/28\/fimma-maderalia-calienta-motores\/","og_site_name":"RIERGE","article_published_time":"2023-09-28T11:05:24+00:00","article_modified_time":"2024-02-27T10:53:28+00:00","og_image":[{"width":980,"height":560,"url":"https:\/\/rierge.com\/wp-content\/uploads\/2023\/09\/4090128.jpeg","type":"image\/jpeg"}],"author":"admin","twitter_card":"summary_large_image","twitter_misc":{"Escrit per":"admin","Temps estimat de lectura":"4 minuts"},"schema":{"@context":"https:\/\/schema.org","@graph":[{"@type":"Article","@id":"https:\/\/rierge.com\/2023\/09\/28\/fimma-maderalia-calienta-motores\/#article","isPartOf":{"@id":"https:\/\/rierge.com\/2023\/09\/28\/fimma-maderalia-calienta-motores\/"},"author":{"name":"admin","@id":"https:\/\/rierge.com\/en\/#\/schema\/person\/a700fc52e66409a731fa608758a0a708"},"headline":"FIMMA MADER\u00c0LIA ESCALFA MOTORS","datePublished":"2023-09-28T11:05:24+00:00","dateModified":"2024-02-27T10:53:28+00:00","mainEntityOfPage":{"@id":"https:\/\/rierge.com\/2023\/09\/28\/fimma-maderalia-calienta-motores\/"},"wordCount":788,"publisher":{"@id":"https:\/\/rierge.com\/en\/#organization"},"image":{"@id":"https:\/\/rierge.com\/2023\/09\/28\/fimma-maderalia-calienta-motores\/#primaryimage"},"thumbnailUrl":"https:\/\/rierge.com\/wp-content\/uploads\/2023\/09\/4090128.jpeg","articleSection":["Sin categor\u00eda"],"inLanguage":"ca"},{"@type":"WebPage","@id":"https:\/\/rierge.com\/2023\/09\/28\/fimma-maderalia-calienta-motores\/","url":"https:\/\/rierge.com\/2023\/09\/28\/fimma-maderalia-calienta-motores\/","name":"[:es]FIMMA MADERALIA CALIENTA MOTORES[:ca]FIMMA MADER\u00c0LIA ESCALFA MOTORS[:en]FIMMA MADERALIA WARMS UP ENGINES[:fr]FIMMA MADERALIA R\u00c9CHAUFFE LES MOTEURS[:] - RIERGE","isPartOf":{"@id":"https:\/\/rierge.com\/en\/#website"},"primaryImageOfPage":{"@id":"https:\/\/rierge.com\/2023\/09\/28\/fimma-maderalia-calienta-motores\/#primaryimage"},"image":{"@id":"https:\/\/rierge.com\/2023\/09\/28\/fimma-maderalia-calienta-motores\/#primaryimage"},"thumbnailUrl":"https:\/\/rierge.com\/wp-content\/uploads\/2023\/09\/4090128.jpeg","datePublished":"2023-09-28T11:05:24+00:00","dateModified":"2024-02-27T10:53:28+00:00","description":"28\/09\/2023 Feria Valencia empieza la organizaci\u00f3n de la pr\u00f3xima edici\u00f3n para el 2024, ser\u00e1 la edici\u00f3n n\u00famero 40 des de que en 1963 empez\u00f3 la Feria de","breadcrumb":{"@id":"https:\/\/rierge.com\/2023\/09\/28\/fimma-maderalia-calienta-motores\/#breadcrumb"},"inLanguage":"ca","potentialAction":[{"@type":"ReadAction","target":["https:\/\/rierge.com\/2023\/09\/28\/fimma-maderalia-calienta-motores\/"]}]},{"@type":"ImageObject","inLanguage":"ca","@id":"https:\/\/rierge.com\/2023\/09\/28\/fimma-maderalia-calienta-motores\/#primaryimage","url":"https:\/\/rierge.com\/wp-content\/uploads\/2023\/09\/4090128.jpeg","contentUrl":"https:\/\/rierge.com\/wp-content\/uploads\/2023\/09\/4090128.jpeg","width":980,"height":560},{"@type":"BreadcrumbList","@id":"https:\/\/rierge.com\/2023\/09\/28\/fimma-maderalia-calienta-motores\/#breadcrumb","itemListElement":[{"@type":"ListItem","position":1,"name":"Home","item":"https:\/\/rierge.com\/"},{"@type":"ListItem","position":2,"name":"FIMMA MADERALIA CALIENTA MOTORES"}]},{"@type":"WebSite","@id":"https:\/\/rierge.com\/en\/#website","url":"https:\/\/rierge.com\/en\/","name":"RIERGE","description":"","publisher":{"@id":"https:\/\/rierge.com\/en\/#organization"},"potentialAction":[{"@type":"SearchAction","target":{"@type":"EntryPoint","urlTemplate":"https:\/\/rierge.com\/en\/?s={search_term_string}"},"query-input":{"@type":"PropertyValueSpecification","valueRequired":true,"valueName":"search_term_string"}}],"inLanguage":"ca"},{"@type":"Organization","@id":"https:\/\/rierge.com\/en\/#organization","name":"Rierge","url":"https:\/\/rierge.com\/en\/","logo":{"@type":"ImageObject","inLanguage":"ca","@id":"https:\/\/rierge.com\/en\/#\/schema\/logo\/image\/","url":"https:\/\/rierge.com\/wp-content\/uploads\/2017\/06\/logo-rierge-desde-1954.jpg","contentUrl":"https:\/\/rierge.com\/wp-content\/uploads\/2017\/06\/logo-rierge-desde-1954.jpg","width":180,"height":50,"caption":"Rierge"},"image":{"@id":"https:\/\/rierge.com\/en\/#\/schema\/logo\/image\/"}},{"@type":"Person","@id":"https:\/\/rierge.com\/en\/#\/schema\/person\/a700fc52e66409a731fa608758a0a708","name":"admin","image":{"@type":"ImageObject","inLanguage":"ca","@id":"https:\/\/rierge.com\/en\/#\/schema\/person\/image\/","url":"https:\/\/secure.gravatar.com\/avatar\/ae6430de1af9824c021c1ada823187a8?s=96&d=mm&r=g","contentUrl":"https:\/\/secure.gravatar.com\/avatar\/ae6430de1af9824c021c1ada823187a8?s=96&d=mm&r=g","caption":"admin"},"url":"https:\/\/rierge.com\/ca\/author\/admin\/"}]}},"_links":{"self":[{"href":"https:\/\/rierge.com\/ca\/wp-json\/wp\/v2\/posts\/7688","targetHints":{"allow":["GET"]}}],"collection":[{"href":"https:\/\/rierge.com\/ca\/wp-json\/wp\/v2\/posts"}],"about":[{"href":"https:\/\/rierge.com\/ca\/wp-json\/wp\/v2\/types\/post"}],"author":[{"embeddable":true,"href":"https:\/\/rierge.com\/ca\/wp-json\/wp\/v2\/users\/1"}],"replies":[{"embeddable":true,"href":"https:\/\/rierge.com\/ca\/wp-json\/wp\/v2\/comments?post=7688"}],"version-history":[{"count":7,"href":"https:\/\/rierge.com\/ca\/wp-json\/wp\/v2\/posts\/7688\/revisions"}],"predecessor-version":[{"id":7815,"href":"https:\/\/rierge.com\/ca\/wp-json\/wp\/v2\/posts\/7688\/revisions\/7815"}],"wp:featuredmedia":[{"embeddable":true,"href":"https:\/\/rierge.com\/ca\/wp-json\/wp\/v2\/media\/7689"}],"wp:attachment":[{"href":"https:\/\/rierge.com\/ca\/wp-json\/wp\/v2\/media?parent=7688"}],"wp:term":[{"taxonomy":"category","embeddable":true,"href":"https:\/\/rierge.com\/ca\/wp-json\/wp\/v2\/categories?post=7688"},{"taxonomy":"post_tag","embeddable":true,"href":"https:\/\/rierge.com\/ca\/wp-json\/wp\/v2\/tags?post=7688"}],"curies":[{"name":"wp","href":"https:\/\/api.w.org\/{rel}","templated":true}]}}