{"id":6351,"date":"2021-01-13T08:51:07","date_gmt":"2021-01-13T08:51:07","guid":{"rendered":"http:\/\/rierge.com\/es\/?p=6351"},"modified":"2022-02-10T17:10:02","modified_gmt":"2022-02-10T17:10:02","slug":"fustes-closa-2","status":"publish","type":"post","link":"https:\/\/rierge.com\/ca\/2021\/01\/13\/fustes-closa-2\/","title":{"rendered":"FUSTES CLOSA mira m\u00e9s enll\u00e0 de la fusteria"},"content":{"rendered":"<p><\/p>\n<p style=\"text-align: right;\"><span style=\"color: #999999;\">13\/01\/2021<\/span><\/p>\n<p style=\"text-align: justify;\">El magatzem barcelon\u00ed mira al futur amb for\u00e7a comercial i mecanitzaci\u00f3.<\/p>\n<p style=\"text-align: justify;\">FUSTES CLOSA \u00e9s una empresa originaria d&#8217;Igualada que transita per la seva tercera generaci\u00f3, dirigida des de 1998 per Ram\u00f3n Closa, n\u00e9t del fundador.<\/p>\n<p style=\"text-align: justify;\">Amb la irrupci\u00f3 de la gran crisi, van comen\u00e7ar tamb\u00e9 els canvis en aquest magatzem de fusta i taulers. &#8220;<em>Ja no n&#8217;hi havia prou amb tenir material, organitzar l&#8217;stock i atendre b\u00e9 els clients<\/em> -recorda Ram\u00f3n Closa-. <em>Aquestes premises no eren prous per a vendre; es van haver d&#8217;incorporar comercials, sortir a vendre i, a m\u00e9s, incorporar maquin\u00e0ria al magatzem per transformar els materials i donar-los un valor afegit<\/em>&#8220;.<\/p>\n<p style=\"text-align: justify;\">\u00a0<\/p>\n<p style=\"text-align: justify;\">El Nesting \u00e9s un sistema ideal per aquest tipus de negoci, en el que on es fabriquen peces en s\u00e8rie i el tall en seccionadora no \u00e9s rentable, ja que dificilment tallar\u00e0s m\u00e9s d&#8217;un tauler, per tant, \u00e9s el sistema m\u00e9s rentable per al tall de peces al detall, ja que obtenim el tall, taladrat, caixejat de formes, moldures, tot d&#8217;un sol cop, sense haver de manipular la pe\u00e7a d&#8217;una m\u00e0quina a una altra.<\/p>\n<p style=\"text-align: justify;\">En aquest cas, la m\u00e0quina porta incorporat un cap\u00e7al rubotitzat, que permet realitzar mecanitzats en qualsevol posici\u00f3 i de forma perpendicular a la pe\u00e7a, el qual ofereix m\u00e9s possibilitats\u00a0 a Fustes Closa per a la realitzaci\u00f3 de treballs complexes i oferir un millor servei als seus clients.<\/p>\n<p style=\"text-align: justify;\">\u00a0<\/p>\n<p><a href=\"https:\/\/madera-sostenible.com\/maquinaria\/fustes-closa-mira-mas-alla-de-la-carpinteria\/\" target=\"_blank\" rel=\"noopener\">Articulo en Madera Sostenible<\/a><\/p>\n<p>&nbsp;<\/p>\n<p><\/p>","protected":false},"excerpt":{"rendered":"<p>Ho sentim, aquesta entrada es troba disponible \u00fanicament en Espa\u00f1ol.<\/p>\n","protected":false},"author":1,"featured_media":6364,"comment_status":"closed","ping_status":"closed","sticky":false,"template":"","format":"standard","meta":{"footnotes":""},"categories":[1],"tags":[],"class_list":["post-6351","post","type-post","status-publish","format-standard","has-post-thumbnail","hentry","category-sin-categoria"],"yoast_head":"<!-- This site is optimized with the Yoast SEO Premium plugin v18.4 (Yoast SEO v24.9) - https:\/\/yoast.com\/wordpress\/plugins\/seo\/ -->\n<title>FUSTES CLOSA mira m\u00e9s enll\u00e0 de la fusteria - RIERGE<\/title>\n<meta name=\"description\" content=\"13\/01\/2021 El almac\u00e9n barcelon\u00e9s mira al futuro con fuerza comercial y mecanizaci\u00f3n. FUSTES CLOSA es una empresa originaria de Igualada que transita por\" \/>\n<meta name=\"robots\" content=\"index, follow, max-snippet:-1, max-image-preview:large, max-video-preview:-1\" \/>\n<link rel=\"canonical\" href=\"https:\/\/rierge.com\/ca\/2021\/01\/13\/espanol-fustes-closa-2\/\" \/>\n<meta property=\"og:locale\" content=\"ca_ES\" \/>\n<meta property=\"og:type\" content=\"article\" \/>\n<meta property=\"og:title\" content=\"[:es]FUSTES CLOSA mira m\u00e1s all\u00e1 de la carpinter\u00eda[:ca]FUSTES CLOSA mira m\u00e9s enll\u00e0 de la fusteria[:en]FUSTES CLOSA looks beyond the carpentry[:fr]FUSTES CLOSA looks beyond the carpentry[:pb]FUSTES CLOSA mira m\u00e1s all\u00e1 de la carpinter\u00eda[:]\" \/>\n<meta property=\"og:description\" content=\"13\/01\/2021 El almac\u00e9n barcelon\u00e9s mira al futuro con fuerza comercial y mecanizaci\u00f3n. FUSTES CLOSA es una empresa originaria de Igualada que transita por\" \/>\n<meta property=\"og:url\" content=\"https:\/\/rierge.com\/ca\/2021\/01\/13\/espanol-fustes-closa-2\/\" \/>\n<meta property=\"og:site_name\" content=\"RIERGE\" \/>\n<meta property=\"article:published_time\" content=\"2021-01-13T08:51:07+00:00\" \/>\n<meta property=\"article:modified_time\" content=\"2022-02-10T17:10:02+00:00\" \/>\n<meta property=\"og:image\" content=\"https:\/\/rierge.com\/wp-content\/uploads\/2021\/01\/RIERGE_FustesClosa_1-1.jpg\" \/>\n\t<meta property=\"og:image:width\" content=\"1300\" \/>\n\t<meta property=\"og:image:height\" content=\"867\" \/>\n\t<meta property=\"og:image:type\" content=\"image\/jpeg\" \/>\n<meta name=\"author\" content=\"admin\" \/>\n<meta name=\"twitter:card\" content=\"summary_large_image\" \/>\n<meta name=\"twitter:label1\" content=\"Escrit per\" \/>\n\t<meta name=\"twitter:data1\" content=\"admin\" \/>\n\t<meta name=\"twitter:label2\" content=\"Temps estimat de lectura\" \/>\n\t<meta name=\"twitter:data2\" content=\"6 minuts\" \/>\n<script type=\"application\/ld+json\" class=\"yoast-schema-graph\">{\"@context\":\"https:\/\/schema.org\",\"@graph\":[{\"@type\":\"Article\",\"@id\":\"https:\/\/rierge.com\/ca\/2021\/01\/13\/espanol-fustes-closa-2\/#article\",\"isPartOf\":{\"@id\":\"https:\/\/rierge.com\/ca\/2021\/01\/13\/espanol-fustes-closa-2\/\"},\"author\":{\"name\":\"admin\",\"@id\":\"https:\/\/rierge.com\/en\/#\/schema\/person\/a700fc52e66409a731fa608758a0a708\"},\"headline\":\"FUSTES CLOSA mira m\u00e9s enll\u00e0 de la fusteria\",\"datePublished\":\"2021-01-13T08:51:07+00:00\",\"dateModified\":\"2022-02-10T17:10:02+00:00\",\"mainEntityOfPage\":{\"@id\":\"https:\/\/rierge.com\/ca\/2021\/01\/13\/espanol-fustes-closa-2\/\"},\"wordCount\":1235,\"publisher\":{\"@id\":\"https:\/\/rierge.com\/en\/#organization\"},\"image\":{\"@id\":\"https:\/\/rierge.com\/ca\/2021\/01\/13\/espanol-fustes-closa-2\/#primaryimage\"},\"thumbnailUrl\":\"https:\/\/rierge.com\/wp-content\/uploads\/2021\/01\/RIERGE_FustesClosa_1-1.jpg\",\"articleSection\":[\"Sin categor\u00eda\"],\"inLanguage\":\"ca\"},{\"@type\":\"WebPage\",\"@id\":\"https:\/\/rierge.com\/ca\/2021\/01\/13\/espanol-fustes-closa-2\/\",\"url\":\"https:\/\/rierge.com\/ca\/2021\/01\/13\/espanol-fustes-closa-2\/\",\"name\":\"[:es]FUSTES CLOSA mira m\u00e1s all\u00e1 de la carpinter\u00eda[:ca]FUSTES CLOSA mira m\u00e9s enll\u00e0 de la fusteria[:en]FUSTES CLOSA looks beyond the carpentry[:fr]FUSTES CLOSA looks beyond the carpentry[:pb]FUSTES CLOSA mira m\u00e1s all\u00e1 de la carpinter\u00eda[:] - RIERGE\",\"isPartOf\":{\"@id\":\"https:\/\/rierge.com\/en\/#website\"},\"primaryImageOfPage\":{\"@id\":\"https:\/\/rierge.com\/ca\/2021\/01\/13\/espanol-fustes-closa-2\/#primaryimage\"},\"image\":{\"@id\":\"https:\/\/rierge.com\/ca\/2021\/01\/13\/espanol-fustes-closa-2\/#primaryimage\"},\"thumbnailUrl\":\"https:\/\/rierge.com\/wp-content\/uploads\/2021\/01\/RIERGE_FustesClosa_1-1.jpg\",\"datePublished\":\"2021-01-13T08:51:07+00:00\",\"dateModified\":\"2022-02-10T17:10:02+00:00\",\"description\":\"13\/01\/2021 El almac\u00e9n barcelon\u00e9s mira al futuro con fuerza comercial y mecanizaci\u00f3n. FUSTES CLOSA es una empresa originaria de Igualada que transita por\",\"breadcrumb\":{\"@id\":\"https:\/\/rierge.com\/ca\/2021\/01\/13\/espanol-fustes-closa-2\/#breadcrumb\"},\"inLanguage\":\"ca\",\"potentialAction\":[{\"@type\":\"ReadAction\",\"target\":[\"https:\/\/rierge.com\/ca\/2021\/01\/13\/espanol-fustes-closa-2\/\"]}]},{\"@type\":\"ImageObject\",\"inLanguage\":\"ca\",\"@id\":\"https:\/\/rierge.com\/ca\/2021\/01\/13\/espanol-fustes-closa-2\/#primaryimage\",\"url\":\"https:\/\/rierge.com\/wp-content\/uploads\/2021\/01\/RIERGE_FustesClosa_1-1.jpg\",\"contentUrl\":\"https:\/\/rierge.com\/wp-content\/uploads\/2021\/01\/RIERGE_FustesClosa_1-1.jpg\",\"width\":1300,\"height\":867},{\"@type\":\"BreadcrumbList\",\"@id\":\"https:\/\/rierge.com\/ca\/2021\/01\/13\/espanol-fustes-closa-2\/#breadcrumb\",\"itemListElement\":[{\"@type\":\"ListItem\",\"position\":1,\"name\":\"Home\",\"item\":\"https:\/\/rierge.com\/\"},{\"@type\":\"ListItem\",\"position\":2,\"name\":\"FUSTES CLOSA mira m\u00e9s enll\u00e0 de la fusteria\"}]},{\"@type\":\"WebSite\",\"@id\":\"https:\/\/rierge.com\/en\/#website\",\"url\":\"https:\/\/rierge.com\/en\/\",\"name\":\"RIERGE\",\"description\":\"\",\"publisher\":{\"@id\":\"https:\/\/rierge.com\/en\/#organization\"},\"potentialAction\":[{\"@type\":\"SearchAction\",\"target\":{\"@type\":\"EntryPoint\",\"urlTemplate\":\"https:\/\/rierge.com\/en\/?s={search_term_string}\"},\"query-input\":{\"@type\":\"PropertyValueSpecification\",\"valueRequired\":true,\"valueName\":\"search_term_string\"}}],\"inLanguage\":\"ca\"},{\"@type\":\"Organization\",\"@id\":\"https:\/\/rierge.com\/en\/#organization\",\"name\":\"Rierge\",\"url\":\"https:\/\/rierge.com\/en\/\",\"logo\":{\"@type\":\"ImageObject\",\"inLanguage\":\"ca\",\"@id\":\"https:\/\/rierge.com\/en\/#\/schema\/logo\/image\/\",\"url\":\"https:\/\/rierge.com\/wp-content\/uploads\/2017\/06\/logo-rierge-desde-1954.jpg\",\"contentUrl\":\"https:\/\/rierge.com\/wp-content\/uploads\/2017\/06\/logo-rierge-desde-1954.jpg\",\"width\":180,\"height\":50,\"caption\":\"Rierge\"},\"image\":{\"@id\":\"https:\/\/rierge.com\/en\/#\/schema\/logo\/image\/\"}},{\"@type\":\"Person\",\"@id\":\"https:\/\/rierge.com\/en\/#\/schema\/person\/a700fc52e66409a731fa608758a0a708\",\"name\":\"admin\",\"image\":{\"@type\":\"ImageObject\",\"inLanguage\":\"ca\",\"@id\":\"https:\/\/rierge.com\/en\/#\/schema\/person\/image\/\",\"url\":\"https:\/\/secure.gravatar.com\/avatar\/ae6430de1af9824c021c1ada823187a8?s=96&d=mm&r=g\",\"contentUrl\":\"https:\/\/secure.gravatar.com\/avatar\/ae6430de1af9824c021c1ada823187a8?s=96&d=mm&r=g\",\"caption\":\"admin\"},\"url\":\"https:\/\/rierge.com\/ca\/author\/admin\/\"}]}<\/script>\n<!-- \/ Yoast SEO Premium plugin. -->","yoast_head_json":{"title":"[:es]FUSTES CLOSA mira m\u00e1s all\u00e1 de la carpinter\u00eda[:ca]FUSTES CLOSA mira m\u00e9s enll\u00e0 de la fusteria[:en]FUSTES CLOSA looks beyond the carpentry[:fr]FUSTES CLOSA looks beyond the carpentry[:pb]FUSTES CLOSA mira m\u00e1s all\u00e1 de la carpinter\u00eda[:] - RIERGE","description":"13\/01\/2021 El almac\u00e9n barcelon\u00e9s mira al futuro con fuerza comercial y mecanizaci\u00f3n. FUSTES CLOSA es una empresa originaria de Igualada que transita por","robots":{"index":"index","follow":"follow","max-snippet":"max-snippet:-1","max-image-preview":"max-image-preview:large","max-video-preview":"max-video-preview:-1"},"canonical":"https:\/\/rierge.com\/ca\/2021\/01\/13\/espanol-fustes-closa-2\/","og_locale":"ca_ES","og_type":"article","og_title":"[:es]FUSTES CLOSA mira m\u00e1s all\u00e1 de la carpinter\u00eda[:ca]FUSTES CLOSA mira m\u00e9s enll\u00e0 de la fusteria[:en]FUSTES CLOSA looks beyond the carpentry[:fr]FUSTES CLOSA looks beyond the carpentry[:pb]FUSTES CLOSA mira m\u00e1s all\u00e1 de la carpinter\u00eda[:]","og_description":"13\/01\/2021 El almac\u00e9n barcelon\u00e9s mira al futuro con fuerza comercial y mecanizaci\u00f3n. FUSTES CLOSA es una empresa originaria de Igualada que transita por","og_url":"https:\/\/rierge.com\/ca\/2021\/01\/13\/espanol-fustes-closa-2\/","og_site_name":"RIERGE","article_published_time":"2021-01-13T08:51:07+00:00","article_modified_time":"2022-02-10T17:10:02+00:00","og_image":[{"width":1300,"height":867,"url":"https:\/\/rierge.com\/wp-content\/uploads\/2021\/01\/RIERGE_FustesClosa_1-1.jpg","type":"image\/jpeg"}],"author":"admin","twitter_card":"summary_large_image","twitter_misc":{"Escrit per":"admin","Temps estimat de lectura":"6 minuts"},"schema":{"@context":"https:\/\/schema.org","@graph":[{"@type":"Article","@id":"https:\/\/rierge.com\/ca\/2021\/01\/13\/espanol-fustes-closa-2\/#article","isPartOf":{"@id":"https:\/\/rierge.com\/ca\/2021\/01\/13\/espanol-fustes-closa-2\/"},"author":{"name":"admin","@id":"https:\/\/rierge.com\/en\/#\/schema\/person\/a700fc52e66409a731fa608758a0a708"},"headline":"FUSTES CLOSA mira m\u00e9s enll\u00e0 de la fusteria","datePublished":"2021-01-13T08:51:07+00:00","dateModified":"2022-02-10T17:10:02+00:00","mainEntityOfPage":{"@id":"https:\/\/rierge.com\/ca\/2021\/01\/13\/espanol-fustes-closa-2\/"},"wordCount":1235,"publisher":{"@id":"https:\/\/rierge.com\/en\/#organization"},"image":{"@id":"https:\/\/rierge.com\/ca\/2021\/01\/13\/espanol-fustes-closa-2\/#primaryimage"},"thumbnailUrl":"https:\/\/rierge.com\/wp-content\/uploads\/2021\/01\/RIERGE_FustesClosa_1-1.jpg","articleSection":["Sin categor\u00eda"],"inLanguage":"ca"},{"@type":"WebPage","@id":"https:\/\/rierge.com\/ca\/2021\/01\/13\/espanol-fustes-closa-2\/","url":"https:\/\/rierge.com\/ca\/2021\/01\/13\/espanol-fustes-closa-2\/","name":"[:es]FUSTES CLOSA mira m\u00e1s all\u00e1 de la carpinter\u00eda[:ca]FUSTES CLOSA mira m\u00e9s enll\u00e0 de la fusteria[:en]FUSTES CLOSA looks beyond the carpentry[:fr]FUSTES CLOSA looks beyond the carpentry[:pb]FUSTES CLOSA mira m\u00e1s all\u00e1 de la carpinter\u00eda[:] - RIERGE","isPartOf":{"@id":"https:\/\/rierge.com\/en\/#website"},"primaryImageOfPage":{"@id":"https:\/\/rierge.com\/ca\/2021\/01\/13\/espanol-fustes-closa-2\/#primaryimage"},"image":{"@id":"https:\/\/rierge.com\/ca\/2021\/01\/13\/espanol-fustes-closa-2\/#primaryimage"},"thumbnailUrl":"https:\/\/rierge.com\/wp-content\/uploads\/2021\/01\/RIERGE_FustesClosa_1-1.jpg","datePublished":"2021-01-13T08:51:07+00:00","dateModified":"2022-02-10T17:10:02+00:00","description":"13\/01\/2021 El almac\u00e9n barcelon\u00e9s mira al futuro con fuerza comercial y mecanizaci\u00f3n. FUSTES CLOSA es una empresa originaria de Igualada que transita por","breadcrumb":{"@id":"https:\/\/rierge.com\/ca\/2021\/01\/13\/espanol-fustes-closa-2\/#breadcrumb"},"inLanguage":"ca","potentialAction":[{"@type":"ReadAction","target":["https:\/\/rierge.com\/ca\/2021\/01\/13\/espanol-fustes-closa-2\/"]}]},{"@type":"ImageObject","inLanguage":"ca","@id":"https:\/\/rierge.com\/ca\/2021\/01\/13\/espanol-fustes-closa-2\/#primaryimage","url":"https:\/\/rierge.com\/wp-content\/uploads\/2021\/01\/RIERGE_FustesClosa_1-1.jpg","contentUrl":"https:\/\/rierge.com\/wp-content\/uploads\/2021\/01\/RIERGE_FustesClosa_1-1.jpg","width":1300,"height":867},{"@type":"BreadcrumbList","@id":"https:\/\/rierge.com\/ca\/2021\/01\/13\/espanol-fustes-closa-2\/#breadcrumb","itemListElement":[{"@type":"ListItem","position":1,"name":"Home","item":"https:\/\/rierge.com\/"},{"@type":"ListItem","position":2,"name":"FUSTES CLOSA mira m\u00e9s enll\u00e0 de la fusteria"}]},{"@type":"WebSite","@id":"https:\/\/rierge.com\/en\/#website","url":"https:\/\/rierge.com\/en\/","name":"RIERGE","description":"","publisher":{"@id":"https:\/\/rierge.com\/en\/#organization"},"potentialAction":[{"@type":"SearchAction","target":{"@type":"EntryPoint","urlTemplate":"https:\/\/rierge.com\/en\/?s={search_term_string}"},"query-input":{"@type":"PropertyValueSpecification","valueRequired":true,"valueName":"search_term_string"}}],"inLanguage":"ca"},{"@type":"Organization","@id":"https:\/\/rierge.com\/en\/#organization","name":"Rierge","url":"https:\/\/rierge.com\/en\/","logo":{"@type":"ImageObject","inLanguage":"ca","@id":"https:\/\/rierge.com\/en\/#\/schema\/logo\/image\/","url":"https:\/\/rierge.com\/wp-content\/uploads\/2017\/06\/logo-rierge-desde-1954.jpg","contentUrl":"https:\/\/rierge.com\/wp-content\/uploads\/2017\/06\/logo-rierge-desde-1954.jpg","width":180,"height":50,"caption":"Rierge"},"image":{"@id":"https:\/\/rierge.com\/en\/#\/schema\/logo\/image\/"}},{"@type":"Person","@id":"https:\/\/rierge.com\/en\/#\/schema\/person\/a700fc52e66409a731fa608758a0a708","name":"admin","image":{"@type":"ImageObject","inLanguage":"ca","@id":"https:\/\/rierge.com\/en\/#\/schema\/person\/image\/","url":"https:\/\/secure.gravatar.com\/avatar\/ae6430de1af9824c021c1ada823187a8?s=96&d=mm&r=g","contentUrl":"https:\/\/secure.gravatar.com\/avatar\/ae6430de1af9824c021c1ada823187a8?s=96&d=mm&r=g","caption":"admin"},"url":"https:\/\/rierge.com\/ca\/author\/admin\/"}]}},"_links":{"self":[{"href":"https:\/\/rierge.com\/ca\/wp-json\/wp\/v2\/posts\/6351","targetHints":{"allow":["GET"]}}],"collection":[{"href":"https:\/\/rierge.com\/ca\/wp-json\/wp\/v2\/posts"}],"about":[{"href":"https:\/\/rierge.com\/ca\/wp-json\/wp\/v2\/types\/post"}],"author":[{"embeddable":true,"href":"https:\/\/rierge.com\/ca\/wp-json\/wp\/v2\/users\/1"}],"replies":[{"embeddable":true,"href":"https:\/\/rierge.com\/ca\/wp-json\/wp\/v2\/comments?post=6351"}],"version-history":[{"count":0,"href":"https:\/\/rierge.com\/ca\/wp-json\/wp\/v2\/posts\/6351\/revisions"}],"wp:featuredmedia":[{"embeddable":true,"href":"https:\/\/rierge.com\/ca\/wp-json\/wp\/v2\/media\/6364"}],"wp:attachment":[{"href":"https:\/\/rierge.com\/ca\/wp-json\/wp\/v2\/media?parent=6351"}],"wp:term":[{"taxonomy":"category","embeddable":true,"href":"https:\/\/rierge.com\/ca\/wp-json\/wp\/v2\/categories?post=6351"},{"taxonomy":"post_tag","embeddable":true,"href":"https:\/\/rierge.com\/ca\/wp-json\/wp\/v2\/tags?post=6351"}],"curies":[{"name":"wp","href":"https:\/\/api.w.org\/{rel}","templated":true}]}}