{"id":6084,"date":"2020-04-16T18:41:00","date_gmt":"2020-04-16T18:41:00","guid":{"rendered":"http:\/\/rierge.com\/es\/?p=6084"},"modified":"2020-05-07T09:31:30","modified_gmt":"2020-05-07T09:31:30","slug":"portugues-do-brasil-fimma-covid19","status":"publish","type":"post","link":"https:\/\/rierge.com\/ca\/2020\/04\/16\/portugues-do-brasil-fimma-covid19\/","title":{"rendered":"FIMMA \/ COVID19 Opini\u00f3 Santi Riera, President comit\u00e8 FIMMA"},"content":{"rendered":"<p><\/p>\n<p style=\"text-align: right;\"><span style=\"color: #999999;\">16\/04\/2020<\/span><\/p>\n<p style=\"text-align: justify;\">La lenta evoluci\u00f3 que est\u00e0 tenint el control del COVID-19 fa que, a 47 dies de la innauguraci\u00f3 FIMMA \/ MADERALIA 2020, la organitzaci\u00f3 de l&#8217;esdeveniment hagi pres la decisi\u00f3 de suspendre la celebraci\u00f3 del sal\u00f3, amb la fi de preservar la salut d&#8217;expositors i visitants.<\/p>\n<p style=\"text-align: justify;\">En aquest moments tot s\u00f3n preguntes sense resposta pel que hem decidit donar-nos un temps per veure com evoluciona el contagi, quines solucions ens pot aportar la industria farmac\u00e8utica i poder prendre el pols al nostre sector despr\u00e9s de que es pugui retornar a la normalitat, que de ben segur ser\u00e0 excepcional.<\/p>\n<p style=\"text-align: justify;\">L&#8217;\u00e0nim dels comit\u00e8s organitzadors de FIMMA\/MADERALIA 2020 \u00e9s el de trobar el moment adequat per dur a terme l&#8217;esdeveniment que, a principis d&#8217;aquest any 2020 se&#8217;ns presentava com excepcional, amb gran inter\u00e8s de participaci\u00f3 d&#8217;expositors i assist\u00e8ncia de visitants.<\/p>\n<p style=\"text-align: justify;\">\u00a0<\/p>\n<p><!--more--><\/p>\n<p style=\"text-align: justify;\">No s\u00e9 si el meu consell serveix, per\u00f2 d&#8217;experi\u00e8ncia us prometo que en tinc for\u00e7a, \u00e9s el que d\u00f3nen els anys. Un percentatge molt alt de percepci\u00f3 de les crisis, ve donada per aquests comentaristes dels medis de comunicaci\u00f3 que s&#8217;atreveixen a emetre opinions con sent\u00e8ncies sigui quin sigui el tema que els ocupi i que, malauradament, tenen influ\u00e8ncia sobre qui els escoltem. Davant la crisi, el millor remei \u00e9s ser positius i creatius, aix\u00f2 ens ajuda a millorar i evolucionar.<\/p>\n<p style=\"text-align: justify;\">No es pot consentir que un pol\u00edtic llenci unes previsions i que ens digui que aix\u00f2 ser\u00e0 pitjor que la segona guerra mundial.<\/p>\n<p style=\"text-align: justify;\">La segona guerra mundial va destrossar ciutats, centres de treball, infraestructures, van morir molts homes en edat de treballar i les terres van quedar en mans de dones, nens i gent gran sense medis mec\u00e0nics, que ho feia molt m\u00e9s dur. Si us plau, no facin aquestes comparacions, \u00e9s una irresponsabilitat, i m\u00e9s si tenim en compte que si a Espa\u00f1a hem arribat a tenir els valors d&#8217;afectats que tenim ha sigut per la seva mala gesti\u00f3, la seva falta de previsi\u00f3 i la seva desidia de no tenir els medis necessaris de protecci\u00f3 pels nostres sanitaris, que s\u00f3n qui m\u00e9s s&#8217;han contagiat i han trasm\u00e8s el virus.<\/p>\n<p style=\"text-align: justify;\">Tinguem en compte que en aquesta crisi, els bans estan oberts al cr\u00e8dit, a uns tipus realment interessants, que est\u00e0vem en un moment \u00e0lgid de la demanda, l&#8217;augment del paro ser\u00e0 per un per\u00edode no massa llarg, ja que la majoria de llocs de treball no s&#8217;han destruit. \u00c9s cert que hi ha sectors que quedaran seriament afectats, com turisme, restauraci\u00f3, moda, per\u00f2 entre tots hem de col\u00b7laborar per ajudar a que es reprengui una certa normalitat a mig termini, i podem fer-ho.<\/p>\n<p style=\"text-align: justify;\">Santiago Riera.<\/p>\n<p style=\"text-align: justify;\">President comit\u00e8 organizador FIMMA\/VALENCIA.<\/p>\n<p>&nbsp;<\/p>\n<p>&nbsp;<\/p>\n<p><\/p>","protected":false},"excerpt":{"rendered":"<p>Ho sentim, aquesta entrada es troba disponible \u00fanicament en Espa\u00f1ol.<\/p>\n","protected":false},"author":1,"featured_media":0,"comment_status":"closed","ping_status":"closed","sticky":false,"template":"","format":"standard","meta":{"footnotes":""},"categories":[1],"tags":[],"class_list":["post-6084","post","type-post","status-publish","format-standard","hentry","category-sin-categoria"],"yoast_head":"<!-- This site is optimized with the Yoast SEO Premium plugin v18.4 (Yoast SEO v24.9) - https:\/\/yoast.com\/wordpress\/plugins\/seo\/ -->\n<title>FIMMA \/ COVID19 Opini\u00f3 Santi Riera, President comit\u00e8 FIMMA - RIERGE<\/title>\n<meta name=\"description\" content=\"16\/04\/2020 La lenta evoluci\u00f3n que est\u00e1 teniendo el control de COVID-19 hace que, a 47 d\u00edas de la inauguraci\u00f3n del FIMMA \/ MADERALIA 2020, la organizaci\u00f3n\" \/>\n<meta name=\"robots\" content=\"index, follow, max-snippet:-1, max-image-preview:large, max-video-preview:-1\" \/>\n<link rel=\"canonical\" href=\"https:\/\/rierge.com\/fr\/2020\/04\/16\/portugues-do-brasil-fimma-covid19\/\" \/>\n<meta property=\"og:locale\" content=\"ca_ES\" \/>\n<meta property=\"og:type\" content=\"article\" \/>\n<meta property=\"og:title\" content=\"[:es]FIMMA \/ COVID19 Opini\u00f3n Santi Riera, Presidente comit\u00e9 FIMMA[:ca]FIMMA \/ COVID19 Opini\u00f3 Santi Riera, President comit\u00e8 FIMMA[:pb]FIMMA - COVID19[:]\" \/>\n<meta property=\"og:description\" content=\"16\/04\/2020 La lenta evoluci\u00f3n que est\u00e1 teniendo el control de COVID-19 hace que, a 47 d\u00edas de la inauguraci\u00f3n del FIMMA \/ MADERALIA 2020, la organizaci\u00f3n\" \/>\n<meta property=\"og:url\" content=\"https:\/\/rierge.com\/fr\/2020\/04\/16\/portugues-do-brasil-fimma-covid19\/\" \/>\n<meta property=\"og:site_name\" content=\"RIERGE\" \/>\n<meta property=\"article:published_time\" content=\"2020-04-16T18:41:00+00:00\" \/>\n<meta property=\"article:modified_time\" content=\"2020-05-07T09:31:30+00:00\" \/>\n<meta name=\"author\" content=\"admin\" \/>\n<meta name=\"twitter:card\" content=\"summary_large_image\" \/>\n<meta name=\"twitter:label1\" content=\"Escrit per\" \/>\n\t<meta name=\"twitter:data1\" content=\"admin\" \/>\n\t<meta name=\"twitter:label2\" content=\"Temps estimat de lectura\" \/>\n\t<meta name=\"twitter:data2\" content=\"7 minuts\" \/>\n<script type=\"application\/ld+json\" class=\"yoast-schema-graph\">{\"@context\":\"https:\/\/schema.org\",\"@graph\":[{\"@type\":\"Article\",\"@id\":\"https:\/\/rierge.com\/fr\/2020\/04\/16\/portugues-do-brasil-fimma-covid19\/#article\",\"isPartOf\":{\"@id\":\"https:\/\/rierge.com\/fr\/2020\/04\/16\/portugues-do-brasil-fimma-covid19\/\"},\"author\":{\"name\":\"admin\",\"@id\":\"https:\/\/rierge.com\/en\/#\/schema\/person\/a700fc52e66409a731fa608758a0a708\"},\"headline\":\"FIMMA \/ COVID19 Opini\u00f3 Santi Riera, President comit\u00e8 FIMMA\",\"datePublished\":\"2020-04-16T18:41:00+00:00\",\"dateModified\":\"2020-05-07T09:31:30+00:00\",\"mainEntityOfPage\":{\"@id\":\"https:\/\/rierge.com\/fr\/2020\/04\/16\/portugues-do-brasil-fimma-covid19\/\"},\"wordCount\":1458,\"publisher\":{\"@id\":\"https:\/\/rierge.com\/en\/#organization\"},\"articleSection\":[\"Sin categor\u00eda\"],\"inLanguage\":\"ca\"},{\"@type\":\"WebPage\",\"@id\":\"https:\/\/rierge.com\/fr\/2020\/04\/16\/portugues-do-brasil-fimma-covid19\/\",\"url\":\"https:\/\/rierge.com\/fr\/2020\/04\/16\/portugues-do-brasil-fimma-covid19\/\",\"name\":\"[:es]FIMMA \/ COVID19 Opini\u00f3n Santi Riera, Presidente comit\u00e9 FIMMA[:ca]FIMMA \/ COVID19 Opini\u00f3 Santi Riera, President comit\u00e8 FIMMA[:pb]FIMMA - COVID19[:] - RIERGE\",\"isPartOf\":{\"@id\":\"https:\/\/rierge.com\/en\/#website\"},\"datePublished\":\"2020-04-16T18:41:00+00:00\",\"dateModified\":\"2020-05-07T09:31:30+00:00\",\"description\":\"16\/04\/2020 La lenta evoluci\u00f3n que est\u00e1 teniendo el control de COVID-19 hace que, a 47 d\u00edas de la inauguraci\u00f3n del FIMMA \/ MADERALIA 2020, la organizaci\u00f3n\",\"breadcrumb\":{\"@id\":\"https:\/\/rierge.com\/fr\/2020\/04\/16\/portugues-do-brasil-fimma-covid19\/#breadcrumb\"},\"inLanguage\":\"ca\",\"potentialAction\":[{\"@type\":\"ReadAction\",\"target\":[\"https:\/\/rierge.com\/fr\/2020\/04\/16\/portugues-do-brasil-fimma-covid19\/\"]}]},{\"@type\":\"BreadcrumbList\",\"@id\":\"https:\/\/rierge.com\/fr\/2020\/04\/16\/portugues-do-brasil-fimma-covid19\/#breadcrumb\",\"itemListElement\":[{\"@type\":\"ListItem\",\"position\":1,\"name\":\"Home\",\"item\":\"https:\/\/rierge.com\/\"},{\"@type\":\"ListItem\",\"position\":2,\"name\":\"(Espa\u00f1ol) FIMMA \/ COVID19 Opini\u00f3n Santi Riera, Presidente comit\u00e9 FIMMA\"}]},{\"@type\":\"WebSite\",\"@id\":\"https:\/\/rierge.com\/en\/#website\",\"url\":\"https:\/\/rierge.com\/en\/\",\"name\":\"RIERGE\",\"description\":\"\",\"publisher\":{\"@id\":\"https:\/\/rierge.com\/en\/#organization\"},\"potentialAction\":[{\"@type\":\"SearchAction\",\"target\":{\"@type\":\"EntryPoint\",\"urlTemplate\":\"https:\/\/rierge.com\/en\/?s={search_term_string}\"},\"query-input\":{\"@type\":\"PropertyValueSpecification\",\"valueRequired\":true,\"valueName\":\"search_term_string\"}}],\"inLanguage\":\"ca\"},{\"@type\":\"Organization\",\"@id\":\"https:\/\/rierge.com\/en\/#organization\",\"name\":\"Rierge\",\"url\":\"https:\/\/rierge.com\/en\/\",\"logo\":{\"@type\":\"ImageObject\",\"inLanguage\":\"ca\",\"@id\":\"https:\/\/rierge.com\/en\/#\/schema\/logo\/image\/\",\"url\":\"https:\/\/rierge.com\/wp-content\/uploads\/2017\/06\/logo-rierge-desde-1954.jpg\",\"contentUrl\":\"https:\/\/rierge.com\/wp-content\/uploads\/2017\/06\/logo-rierge-desde-1954.jpg\",\"width\":180,\"height\":50,\"caption\":\"Rierge\"},\"image\":{\"@id\":\"https:\/\/rierge.com\/en\/#\/schema\/logo\/image\/\"}},{\"@type\":\"Person\",\"@id\":\"https:\/\/rierge.com\/en\/#\/schema\/person\/a700fc52e66409a731fa608758a0a708\",\"name\":\"admin\",\"image\":{\"@type\":\"ImageObject\",\"inLanguage\":\"ca\",\"@id\":\"https:\/\/rierge.com\/en\/#\/schema\/person\/image\/\",\"url\":\"https:\/\/secure.gravatar.com\/avatar\/ae6430de1af9824c021c1ada823187a8?s=96&d=mm&r=g\",\"contentUrl\":\"https:\/\/secure.gravatar.com\/avatar\/ae6430de1af9824c021c1ada823187a8?s=96&d=mm&r=g\",\"caption\":\"admin\"},\"url\":\"https:\/\/rierge.com\/ca\/author\/admin\/\"}]}<\/script>\n<!-- \/ Yoast SEO Premium plugin. -->","yoast_head_json":{"title":"[:es]FIMMA \/ COVID19 Opini\u00f3n Santi Riera, Presidente comit\u00e9 FIMMA[:ca]FIMMA \/ COVID19 Opini\u00f3 Santi Riera, President comit\u00e8 FIMMA[:pb]FIMMA - COVID19[:] - RIERGE","description":"16\/04\/2020 La lenta evoluci\u00f3n que est\u00e1 teniendo el control de COVID-19 hace que, a 47 d\u00edas de la inauguraci\u00f3n del FIMMA \/ MADERALIA 2020, la organizaci\u00f3n","robots":{"index":"index","follow":"follow","max-snippet":"max-snippet:-1","max-image-preview":"max-image-preview:large","max-video-preview":"max-video-preview:-1"},"canonical":"https:\/\/rierge.com\/fr\/2020\/04\/16\/portugues-do-brasil-fimma-covid19\/","og_locale":"ca_ES","og_type":"article","og_title":"[:es]FIMMA \/ COVID19 Opini\u00f3n Santi Riera, Presidente comit\u00e9 FIMMA[:ca]FIMMA \/ COVID19 Opini\u00f3 Santi Riera, President comit\u00e8 FIMMA[:pb]FIMMA - COVID19[:]","og_description":"16\/04\/2020 La lenta evoluci\u00f3n que est\u00e1 teniendo el control de COVID-19 hace que, a 47 d\u00edas de la inauguraci\u00f3n del FIMMA \/ MADERALIA 2020, la organizaci\u00f3n","og_url":"https:\/\/rierge.com\/fr\/2020\/04\/16\/portugues-do-brasil-fimma-covid19\/","og_site_name":"RIERGE","article_published_time":"2020-04-16T18:41:00+00:00","article_modified_time":"2020-05-07T09:31:30+00:00","author":"admin","twitter_card":"summary_large_image","twitter_misc":{"Escrit per":"admin","Temps estimat de lectura":"7 minuts"},"schema":{"@context":"https:\/\/schema.org","@graph":[{"@type":"Article","@id":"https:\/\/rierge.com\/fr\/2020\/04\/16\/portugues-do-brasil-fimma-covid19\/#article","isPartOf":{"@id":"https:\/\/rierge.com\/fr\/2020\/04\/16\/portugues-do-brasil-fimma-covid19\/"},"author":{"name":"admin","@id":"https:\/\/rierge.com\/en\/#\/schema\/person\/a700fc52e66409a731fa608758a0a708"},"headline":"FIMMA \/ COVID19 Opini\u00f3 Santi Riera, President comit\u00e8 FIMMA","datePublished":"2020-04-16T18:41:00+00:00","dateModified":"2020-05-07T09:31:30+00:00","mainEntityOfPage":{"@id":"https:\/\/rierge.com\/fr\/2020\/04\/16\/portugues-do-brasil-fimma-covid19\/"},"wordCount":1458,"publisher":{"@id":"https:\/\/rierge.com\/en\/#organization"},"articleSection":["Sin categor\u00eda"],"inLanguage":"ca"},{"@type":"WebPage","@id":"https:\/\/rierge.com\/fr\/2020\/04\/16\/portugues-do-brasil-fimma-covid19\/","url":"https:\/\/rierge.com\/fr\/2020\/04\/16\/portugues-do-brasil-fimma-covid19\/","name":"[:es]FIMMA \/ COVID19 Opini\u00f3n Santi Riera, Presidente comit\u00e9 FIMMA[:ca]FIMMA \/ COVID19 Opini\u00f3 Santi Riera, President comit\u00e8 FIMMA[:pb]FIMMA - COVID19[:] - RIERGE","isPartOf":{"@id":"https:\/\/rierge.com\/en\/#website"},"datePublished":"2020-04-16T18:41:00+00:00","dateModified":"2020-05-07T09:31:30+00:00","description":"16\/04\/2020 La lenta evoluci\u00f3n que est\u00e1 teniendo el control de COVID-19 hace que, a 47 d\u00edas de la inauguraci\u00f3n del FIMMA \/ MADERALIA 2020, la organizaci\u00f3n","breadcrumb":{"@id":"https:\/\/rierge.com\/fr\/2020\/04\/16\/portugues-do-brasil-fimma-covid19\/#breadcrumb"},"inLanguage":"ca","potentialAction":[{"@type":"ReadAction","target":["https:\/\/rierge.com\/fr\/2020\/04\/16\/portugues-do-brasil-fimma-covid19\/"]}]},{"@type":"BreadcrumbList","@id":"https:\/\/rierge.com\/fr\/2020\/04\/16\/portugues-do-brasil-fimma-covid19\/#breadcrumb","itemListElement":[{"@type":"ListItem","position":1,"name":"Home","item":"https:\/\/rierge.com\/"},{"@type":"ListItem","position":2,"name":"(Espa\u00f1ol) FIMMA \/ COVID19 Opini\u00f3n Santi Riera, Presidente comit\u00e9 FIMMA"}]},{"@type":"WebSite","@id":"https:\/\/rierge.com\/en\/#website","url":"https:\/\/rierge.com\/en\/","name":"RIERGE","description":"","publisher":{"@id":"https:\/\/rierge.com\/en\/#organization"},"potentialAction":[{"@type":"SearchAction","target":{"@type":"EntryPoint","urlTemplate":"https:\/\/rierge.com\/en\/?s={search_term_string}"},"query-input":{"@type":"PropertyValueSpecification","valueRequired":true,"valueName":"search_term_string"}}],"inLanguage":"ca"},{"@type":"Organization","@id":"https:\/\/rierge.com\/en\/#organization","name":"Rierge","url":"https:\/\/rierge.com\/en\/","logo":{"@type":"ImageObject","inLanguage":"ca","@id":"https:\/\/rierge.com\/en\/#\/schema\/logo\/image\/","url":"https:\/\/rierge.com\/wp-content\/uploads\/2017\/06\/logo-rierge-desde-1954.jpg","contentUrl":"https:\/\/rierge.com\/wp-content\/uploads\/2017\/06\/logo-rierge-desde-1954.jpg","width":180,"height":50,"caption":"Rierge"},"image":{"@id":"https:\/\/rierge.com\/en\/#\/schema\/logo\/image\/"}},{"@type":"Person","@id":"https:\/\/rierge.com\/en\/#\/schema\/person\/a700fc52e66409a731fa608758a0a708","name":"admin","image":{"@type":"ImageObject","inLanguage":"ca","@id":"https:\/\/rierge.com\/en\/#\/schema\/person\/image\/","url":"https:\/\/secure.gravatar.com\/avatar\/ae6430de1af9824c021c1ada823187a8?s=96&d=mm&r=g","contentUrl":"https:\/\/secure.gravatar.com\/avatar\/ae6430de1af9824c021c1ada823187a8?s=96&d=mm&r=g","caption":"admin"},"url":"https:\/\/rierge.com\/ca\/author\/admin\/"}]}},"_links":{"self":[{"href":"https:\/\/rierge.com\/ca\/wp-json\/wp\/v2\/posts\/6084","targetHints":{"allow":["GET"]}}],"collection":[{"href":"https:\/\/rierge.com\/ca\/wp-json\/wp\/v2\/posts"}],"about":[{"href":"https:\/\/rierge.com\/ca\/wp-json\/wp\/v2\/types\/post"}],"author":[{"embeddable":true,"href":"https:\/\/rierge.com\/ca\/wp-json\/wp\/v2\/users\/1"}],"replies":[{"embeddable":true,"href":"https:\/\/rierge.com\/ca\/wp-json\/wp\/v2\/comments?post=6084"}],"version-history":[{"count":0,"href":"https:\/\/rierge.com\/ca\/wp-json\/wp\/v2\/posts\/6084\/revisions"}],"wp:attachment":[{"href":"https:\/\/rierge.com\/ca\/wp-json\/wp\/v2\/media?parent=6084"}],"wp:term":[{"taxonomy":"category","embeddable":true,"href":"https:\/\/rierge.com\/ca\/wp-json\/wp\/v2\/categories?post=6084"},{"taxonomy":"post_tag","embeddable":true,"href":"https:\/\/rierge.com\/ca\/wp-json\/wp\/v2\/tags?post=6084"}],"curies":[{"name":"wp","href":"https:\/\/api.w.org\/{rel}","templated":true}]}}