{"id":5687,"date":"2019-09-16T10:16:23","date_gmt":"2019-09-16T10:16:23","guid":{"rendered":"http:\/\/rierge.com\/es\/?p=5687"},"modified":"2019-09-26T16:03:56","modified_gmt":"2019-09-26T16:03:56","slug":"ampliacion-instalaciones","status":"publish","type":"post","link":"https:\/\/rierge.com\/ca\/2019\/09\/16\/ampliacion-instalaciones\/","title":{"rendered":"Ampliaci\u00f3 instal\u00b7lacions."},"content":{"rendered":"<p><\/p>\n<p style=\"text-align: right;\"><span style=\"color: #999999;\">30\/08\/2019<\/span><\/p>\n<p style=\"text-align: justify;\"><span class=\"tlid-translation translation\" lang=\"ca\"><span title=\"\">Aquest mes<\/span> <span title=\"\">hem<\/span> <span title=\"\">ultimat<\/span> <span title=\"\">el trasllat<\/span> <span title=\"\">de les<\/span> <span title=\"\">seccions<\/span> <span title=\"\">de planxisteria<\/span> <span title=\"\">i<\/span> <span title=\"\">Caldereria<\/span> <span title=\"\">de les nostres instal\u00b7lacions<\/span> <span title=\"\">de Mollet<\/span> <span title=\"\">a la nostra<\/span> <span title=\"\">Planta<\/span> <span title=\"\">II<\/span><span title=\"\">.<\/span><\/span><\/p>\n<p><span title=\"\">A finals de l&#8217;<\/span><span title=\"\">any<\/span> <span title=\"\">2018<\/span> <span title=\"\">es va adquirir<\/span> <span title=\"\">una nova<\/span> <span title=\"\">nau<\/span> <span title=\"\">industrial<\/span> <span title=\"\">al costat de les<\/span> <span title=\"\">que ja<\/span> <span title=\"\">dispos\u00e0vem<\/span> <span title=\"\">al Pol\u00edgon<\/span> <span title=\"\">Ind<\/span><span title=\"\">.<\/span> <span title=\"\">De Martorelles. U<\/span><span title=\"\">n cop<\/span> <span title=\"\">condicionada<\/span> <span title=\"\">aquesta nau,<\/span> <span title=\"\">hem<\/span> <span title=\"\">anat<\/span> <span title=\"\">traslladant<\/span> <span title=\"\">les<\/span> <span title=\"\">diverses<\/span> <span title=\"\">m\u00e0quines<\/span> <span title=\"\">i<\/span> <span title=\"\">equips<\/span> <span title=\"\">de soldadura,<\/span> <span title=\"\">de manera que<\/span> <span title=\"\">perjudiqu\u00e9s<\/span> <span title=\"\">el m\u00ednim<\/span> <span title=\"\">la capacitat<\/span> <span title=\"\">productiva. Aix\u00ed doncs,<\/span><span title=\"\"> aprofitant<\/span> <span title=\"\">alguns<\/span> <span title=\"\">dies<\/span> <span title=\"\">de les vacances,<\/span> <span title=\"\">hem<\/span> <span title=\"\">ultimat<\/span> <span title=\"\">el trasllat<\/span> <span title=\"\">i hem incorporat<\/span> <span title=\"\">dues noves<\/span> <span title=\"\">m\u00e0quines que<\/span> <span title=\"\">ens ajudaran a<\/span> <span title=\"\">millorar<\/span> <span class=\"\" title=\"\">la nostra productivitat.<\/span><\/p>\n<p><\/p>","protected":false},"excerpt":{"rendered":"<p>30\/08\/2019 Aquest mes hem ultimat el trasllat de les seccions de planxisteria i Caldereria de les nostres instal\u00b7lacions de Mollet a la nostra Planta II. A finals de l&#8217;any 2018 es va adquirir una nova nau industrial al costat de les que ja dispos\u00e0vem al Pol\u00edgon Ind. De Martorelles. Un cop condicionada aquesta nau, hem [&hellip;]<\/p>\n","protected":false},"author":1,"featured_media":5688,"comment_status":"closed","ping_status":"closed","sticky":false,"template":"","format":"standard","meta":{"footnotes":""},"categories":[1],"tags":[],"class_list":["post-5687","post","type-post","status-publish","format-standard","has-post-thumbnail","hentry","category-sin-categoria"],"yoast_head":"<!-- This site is optimized with the Yoast SEO Premium plugin v18.4 (Yoast SEO v24.9) - https:\/\/yoast.com\/wordpress\/plugins\/seo\/ -->\n<title>Ampliaci\u00f3 instal\u00b7lacions. - RIERGE<\/title>\n<meta name=\"description\" content=\"30\/08\/2019 Este mes hemos ultimado el traslado de las secci\u00f3nes de planchister\u00eda y Calderer\u00eda de nuestras instalaciones de Mollet a nuestra Planta II. A\" \/>\n<meta name=\"robots\" content=\"index, follow, max-snippet:-1, max-image-preview:large, max-video-preview:-1\" \/>\n<link rel=\"canonical\" href=\"https:\/\/rierge.com\/en\/2019\/09\/16\/espanol-ampliacion-instalaciones\/\" \/>\n<meta property=\"og:locale\" content=\"ca_ES\" \/>\n<meta property=\"og:type\" content=\"article\" \/>\n<meta property=\"og:title\" content=\"[:es]Ampliaci\u00f3n instalaciones.[:ca]Ampliaci\u00f3 instal\u00b7lacions.[:en]Expansion of our facilities.[:fr]Agrandissement de nos installations.[:pb]Amplia\u00e7\u00e3o de nossas instala\u00e7\u00f5es.[:]\" \/>\n<meta property=\"og:description\" content=\"30\/08\/2019 Este mes hemos ultimado el traslado de las secci\u00f3nes de planchister\u00eda y Calderer\u00eda de nuestras instalaciones de Mollet a nuestra Planta II. A\" \/>\n<meta property=\"og:url\" content=\"https:\/\/rierge.com\/en\/2019\/09\/16\/espanol-ampliacion-instalaciones\/\" \/>\n<meta property=\"og:site_name\" content=\"RIERGE\" \/>\n<meta property=\"article:published_time\" content=\"2019-09-16T10:16:23+00:00\" \/>\n<meta property=\"article:modified_time\" content=\"2019-09-26T16:03:56+00:00\" \/>\n<meta property=\"og:image\" content=\"https:\/\/rierge.com\/wp-content\/uploads\/2019\/09\/01eb1c4aa3649d5f9fe35b94b2efcd21a4689f7373.jpg\" \/>\n\t<meta property=\"og:image:width\" content=\"1300\" \/>\n\t<meta property=\"og:image:height\" content=\"975\" \/>\n\t<meta property=\"og:image:type\" content=\"image\/jpeg\" \/>\n<meta name=\"author\" content=\"admin\" \/>\n<meta name=\"twitter:card\" content=\"summary_large_image\" \/>\n<meta name=\"twitter:label1\" content=\"Escrit per\" \/>\n\t<meta name=\"twitter:data1\" content=\"admin\" \/>\n\t<meta name=\"twitter:label2\" content=\"Temps estimat de lectura\" \/>\n\t<meta name=\"twitter:data2\" content=\"3 minuts\" \/>\n<script type=\"application\/ld+json\" class=\"yoast-schema-graph\">{\"@context\":\"https:\/\/schema.org\",\"@graph\":[{\"@type\":\"Article\",\"@id\":\"https:\/\/rierge.com\/en\/2019\/09\/16\/espanol-ampliacion-instalaciones\/#article\",\"isPartOf\":{\"@id\":\"https:\/\/rierge.com\/en\/2019\/09\/16\/espanol-ampliacion-instalaciones\/\"},\"author\":{\"name\":\"admin\",\"@id\":\"https:\/\/rierge.com\/en\/#\/schema\/person\/a700fc52e66409a731fa608758a0a708\"},\"headline\":\"Ampliaci\u00f3 instal\u00b7lacions.\",\"datePublished\":\"2019-09-16T10:16:23+00:00\",\"dateModified\":\"2019-09-26T16:03:56+00:00\",\"mainEntityOfPage\":{\"@id\":\"https:\/\/rierge.com\/en\/2019\/09\/16\/espanol-ampliacion-instalaciones\/\"},\"wordCount\":527,\"publisher\":{\"@id\":\"https:\/\/rierge.com\/en\/#organization\"},\"image\":{\"@id\":\"https:\/\/rierge.com\/en\/2019\/09\/16\/espanol-ampliacion-instalaciones\/#primaryimage\"},\"thumbnailUrl\":\"https:\/\/rierge.com\/wp-content\/uploads\/2019\/09\/01eb1c4aa3649d5f9fe35b94b2efcd21a4689f7373.jpg\",\"articleSection\":[\"Sin categor\u00eda\"],\"inLanguage\":\"ca\"},{\"@type\":\"WebPage\",\"@id\":\"https:\/\/rierge.com\/en\/2019\/09\/16\/espanol-ampliacion-instalaciones\/\",\"url\":\"https:\/\/rierge.com\/en\/2019\/09\/16\/espanol-ampliacion-instalaciones\/\",\"name\":\"[:es]Ampliaci\u00f3n instalaciones.[:ca]Ampliaci\u00f3 instal\u00b7lacions.[:en]Expansion of our facilities.[:fr]Agrandissement de nos installations.[:pb]Amplia\u00e7\u00e3o de nossas instala\u00e7\u00f5es.[:] - RIERGE\",\"isPartOf\":{\"@id\":\"https:\/\/rierge.com\/en\/#website\"},\"primaryImageOfPage\":{\"@id\":\"https:\/\/rierge.com\/en\/2019\/09\/16\/espanol-ampliacion-instalaciones\/#primaryimage\"},\"image\":{\"@id\":\"https:\/\/rierge.com\/en\/2019\/09\/16\/espanol-ampliacion-instalaciones\/#primaryimage\"},\"thumbnailUrl\":\"https:\/\/rierge.com\/wp-content\/uploads\/2019\/09\/01eb1c4aa3649d5f9fe35b94b2efcd21a4689f7373.jpg\",\"datePublished\":\"2019-09-16T10:16:23+00:00\",\"dateModified\":\"2019-09-26T16:03:56+00:00\",\"description\":\"30\/08\/2019 Este mes hemos ultimado el traslado de las secci\u00f3nes de planchister\u00eda y Calderer\u00eda de nuestras instalaciones de Mollet a nuestra Planta II. A\",\"breadcrumb\":{\"@id\":\"https:\/\/rierge.com\/en\/2019\/09\/16\/espanol-ampliacion-instalaciones\/#breadcrumb\"},\"inLanguage\":\"ca\",\"potentialAction\":[{\"@type\":\"ReadAction\",\"target\":[\"https:\/\/rierge.com\/en\/2019\/09\/16\/espanol-ampliacion-instalaciones\/\"]}]},{\"@type\":\"ImageObject\",\"inLanguage\":\"ca\",\"@id\":\"https:\/\/rierge.com\/en\/2019\/09\/16\/espanol-ampliacion-instalaciones\/#primaryimage\",\"url\":\"https:\/\/rierge.com\/wp-content\/uploads\/2019\/09\/01eb1c4aa3649d5f9fe35b94b2efcd21a4689f7373.jpg\",\"contentUrl\":\"https:\/\/rierge.com\/wp-content\/uploads\/2019\/09\/01eb1c4aa3649d5f9fe35b94b2efcd21a4689f7373.jpg\",\"width\":1300,\"height\":975},{\"@type\":\"BreadcrumbList\",\"@id\":\"https:\/\/rierge.com\/en\/2019\/09\/16\/espanol-ampliacion-instalaciones\/#breadcrumb\",\"itemListElement\":[{\"@type\":\"ListItem\",\"position\":1,\"name\":\"Home\",\"item\":\"https:\/\/rierge.com\/\"},{\"@type\":\"ListItem\",\"position\":2,\"name\":\"Expansion of our facilities.\"}]},{\"@type\":\"WebSite\",\"@id\":\"https:\/\/rierge.com\/en\/#website\",\"url\":\"https:\/\/rierge.com\/en\/\",\"name\":\"RIERGE\",\"description\":\"\",\"publisher\":{\"@id\":\"https:\/\/rierge.com\/en\/#organization\"},\"potentialAction\":[{\"@type\":\"SearchAction\",\"target\":{\"@type\":\"EntryPoint\",\"urlTemplate\":\"https:\/\/rierge.com\/en\/?s={search_term_string}\"},\"query-input\":{\"@type\":\"PropertyValueSpecification\",\"valueRequired\":true,\"valueName\":\"search_term_string\"}}],\"inLanguage\":\"ca\"},{\"@type\":\"Organization\",\"@id\":\"https:\/\/rierge.com\/en\/#organization\",\"name\":\"Rierge\",\"url\":\"https:\/\/rierge.com\/en\/\",\"logo\":{\"@type\":\"ImageObject\",\"inLanguage\":\"ca\",\"@id\":\"https:\/\/rierge.com\/en\/#\/schema\/logo\/image\/\",\"url\":\"https:\/\/rierge.com\/wp-content\/uploads\/2017\/06\/logo-rierge-desde-1954.jpg\",\"contentUrl\":\"https:\/\/rierge.com\/wp-content\/uploads\/2017\/06\/logo-rierge-desde-1954.jpg\",\"width\":180,\"height\":50,\"caption\":\"Rierge\"},\"image\":{\"@id\":\"https:\/\/rierge.com\/en\/#\/schema\/logo\/image\/\"}},{\"@type\":\"Person\",\"@id\":\"https:\/\/rierge.com\/en\/#\/schema\/person\/a700fc52e66409a731fa608758a0a708\",\"name\":\"admin\",\"image\":{\"@type\":\"ImageObject\",\"inLanguage\":\"ca\",\"@id\":\"https:\/\/rierge.com\/en\/#\/schema\/person\/image\/\",\"url\":\"https:\/\/secure.gravatar.com\/avatar\/ae6430de1af9824c021c1ada823187a8?s=96&d=mm&r=g\",\"contentUrl\":\"https:\/\/secure.gravatar.com\/avatar\/ae6430de1af9824c021c1ada823187a8?s=96&d=mm&r=g\",\"caption\":\"admin\"},\"url\":\"https:\/\/rierge.com\/ca\/author\/admin\/\"}]}<\/script>\n<!-- \/ Yoast SEO Premium plugin. -->","yoast_head_json":{"title":"[:es]Ampliaci\u00f3n instalaciones.[:ca]Ampliaci\u00f3 instal\u00b7lacions.[:en]Expansion of our facilities.[:fr]Agrandissement de nos installations.[:pb]Amplia\u00e7\u00e3o de nossas instala\u00e7\u00f5es.[:] - RIERGE","description":"30\/08\/2019 Este mes hemos ultimado el traslado de las secci\u00f3nes de planchister\u00eda y Calderer\u00eda de nuestras instalaciones de Mollet a nuestra Planta II. A","robots":{"index":"index","follow":"follow","max-snippet":"max-snippet:-1","max-image-preview":"max-image-preview:large","max-video-preview":"max-video-preview:-1"},"canonical":"https:\/\/rierge.com\/en\/2019\/09\/16\/espanol-ampliacion-instalaciones\/","og_locale":"ca_ES","og_type":"article","og_title":"[:es]Ampliaci\u00f3n instalaciones.[:ca]Ampliaci\u00f3 instal\u00b7lacions.[:en]Expansion of our facilities.[:fr]Agrandissement de nos installations.[:pb]Amplia\u00e7\u00e3o de nossas instala\u00e7\u00f5es.[:]","og_description":"30\/08\/2019 Este mes hemos ultimado el traslado de las secci\u00f3nes de planchister\u00eda y Calderer\u00eda de nuestras instalaciones de Mollet a nuestra Planta II. A","og_url":"https:\/\/rierge.com\/en\/2019\/09\/16\/espanol-ampliacion-instalaciones\/","og_site_name":"RIERGE","article_published_time":"2019-09-16T10:16:23+00:00","article_modified_time":"2019-09-26T16:03:56+00:00","og_image":[{"width":1300,"height":975,"url":"https:\/\/rierge.com\/wp-content\/uploads\/2019\/09\/01eb1c4aa3649d5f9fe35b94b2efcd21a4689f7373.jpg","type":"image\/jpeg"}],"author":"admin","twitter_card":"summary_large_image","twitter_misc":{"Escrit per":"admin","Temps estimat de lectura":"3 minuts"},"schema":{"@context":"https:\/\/schema.org","@graph":[{"@type":"Article","@id":"https:\/\/rierge.com\/en\/2019\/09\/16\/espanol-ampliacion-instalaciones\/#article","isPartOf":{"@id":"https:\/\/rierge.com\/en\/2019\/09\/16\/espanol-ampliacion-instalaciones\/"},"author":{"name":"admin","@id":"https:\/\/rierge.com\/en\/#\/schema\/person\/a700fc52e66409a731fa608758a0a708"},"headline":"Ampliaci\u00f3 instal\u00b7lacions.","datePublished":"2019-09-16T10:16:23+00:00","dateModified":"2019-09-26T16:03:56+00:00","mainEntityOfPage":{"@id":"https:\/\/rierge.com\/en\/2019\/09\/16\/espanol-ampliacion-instalaciones\/"},"wordCount":527,"publisher":{"@id":"https:\/\/rierge.com\/en\/#organization"},"image":{"@id":"https:\/\/rierge.com\/en\/2019\/09\/16\/espanol-ampliacion-instalaciones\/#primaryimage"},"thumbnailUrl":"https:\/\/rierge.com\/wp-content\/uploads\/2019\/09\/01eb1c4aa3649d5f9fe35b94b2efcd21a4689f7373.jpg","articleSection":["Sin categor\u00eda"],"inLanguage":"ca"},{"@type":"WebPage","@id":"https:\/\/rierge.com\/en\/2019\/09\/16\/espanol-ampliacion-instalaciones\/","url":"https:\/\/rierge.com\/en\/2019\/09\/16\/espanol-ampliacion-instalaciones\/","name":"[:es]Ampliaci\u00f3n instalaciones.[:ca]Ampliaci\u00f3 instal\u00b7lacions.[:en]Expansion of our facilities.[:fr]Agrandissement de nos installations.[:pb]Amplia\u00e7\u00e3o de nossas instala\u00e7\u00f5es.[:] - RIERGE","isPartOf":{"@id":"https:\/\/rierge.com\/en\/#website"},"primaryImageOfPage":{"@id":"https:\/\/rierge.com\/en\/2019\/09\/16\/espanol-ampliacion-instalaciones\/#primaryimage"},"image":{"@id":"https:\/\/rierge.com\/en\/2019\/09\/16\/espanol-ampliacion-instalaciones\/#primaryimage"},"thumbnailUrl":"https:\/\/rierge.com\/wp-content\/uploads\/2019\/09\/01eb1c4aa3649d5f9fe35b94b2efcd21a4689f7373.jpg","datePublished":"2019-09-16T10:16:23+00:00","dateModified":"2019-09-26T16:03:56+00:00","description":"30\/08\/2019 Este mes hemos ultimado el traslado de las secci\u00f3nes de planchister\u00eda y Calderer\u00eda de nuestras instalaciones de Mollet a nuestra Planta II. A","breadcrumb":{"@id":"https:\/\/rierge.com\/en\/2019\/09\/16\/espanol-ampliacion-instalaciones\/#breadcrumb"},"inLanguage":"ca","potentialAction":[{"@type":"ReadAction","target":["https:\/\/rierge.com\/en\/2019\/09\/16\/espanol-ampliacion-instalaciones\/"]}]},{"@type":"ImageObject","inLanguage":"ca","@id":"https:\/\/rierge.com\/en\/2019\/09\/16\/espanol-ampliacion-instalaciones\/#primaryimage","url":"https:\/\/rierge.com\/wp-content\/uploads\/2019\/09\/01eb1c4aa3649d5f9fe35b94b2efcd21a4689f7373.jpg","contentUrl":"https:\/\/rierge.com\/wp-content\/uploads\/2019\/09\/01eb1c4aa3649d5f9fe35b94b2efcd21a4689f7373.jpg","width":1300,"height":975},{"@type":"BreadcrumbList","@id":"https:\/\/rierge.com\/en\/2019\/09\/16\/espanol-ampliacion-instalaciones\/#breadcrumb","itemListElement":[{"@type":"ListItem","position":1,"name":"Home","item":"https:\/\/rierge.com\/"},{"@type":"ListItem","position":2,"name":"Expansion of our facilities."}]},{"@type":"WebSite","@id":"https:\/\/rierge.com\/en\/#website","url":"https:\/\/rierge.com\/en\/","name":"RIERGE","description":"","publisher":{"@id":"https:\/\/rierge.com\/en\/#organization"},"potentialAction":[{"@type":"SearchAction","target":{"@type":"EntryPoint","urlTemplate":"https:\/\/rierge.com\/en\/?s={search_term_string}"},"query-input":{"@type":"PropertyValueSpecification","valueRequired":true,"valueName":"search_term_string"}}],"inLanguage":"ca"},{"@type":"Organization","@id":"https:\/\/rierge.com\/en\/#organization","name":"Rierge","url":"https:\/\/rierge.com\/en\/","logo":{"@type":"ImageObject","inLanguage":"ca","@id":"https:\/\/rierge.com\/en\/#\/schema\/logo\/image\/","url":"https:\/\/rierge.com\/wp-content\/uploads\/2017\/06\/logo-rierge-desde-1954.jpg","contentUrl":"https:\/\/rierge.com\/wp-content\/uploads\/2017\/06\/logo-rierge-desde-1954.jpg","width":180,"height":50,"caption":"Rierge"},"image":{"@id":"https:\/\/rierge.com\/en\/#\/schema\/logo\/image\/"}},{"@type":"Person","@id":"https:\/\/rierge.com\/en\/#\/schema\/person\/a700fc52e66409a731fa608758a0a708","name":"admin","image":{"@type":"ImageObject","inLanguage":"ca","@id":"https:\/\/rierge.com\/en\/#\/schema\/person\/image\/","url":"https:\/\/secure.gravatar.com\/avatar\/ae6430de1af9824c021c1ada823187a8?s=96&d=mm&r=g","contentUrl":"https:\/\/secure.gravatar.com\/avatar\/ae6430de1af9824c021c1ada823187a8?s=96&d=mm&r=g","caption":"admin"},"url":"https:\/\/rierge.com\/ca\/author\/admin\/"}]}},"_links":{"self":[{"href":"https:\/\/rierge.com\/ca\/wp-json\/wp\/v2\/posts\/5687","targetHints":{"allow":["GET"]}}],"collection":[{"href":"https:\/\/rierge.com\/ca\/wp-json\/wp\/v2\/posts"}],"about":[{"href":"https:\/\/rierge.com\/ca\/wp-json\/wp\/v2\/types\/post"}],"author":[{"embeddable":true,"href":"https:\/\/rierge.com\/ca\/wp-json\/wp\/v2\/users\/1"}],"replies":[{"embeddable":true,"href":"https:\/\/rierge.com\/ca\/wp-json\/wp\/v2\/comments?post=5687"}],"version-history":[{"count":0,"href":"https:\/\/rierge.com\/ca\/wp-json\/wp\/v2\/posts\/5687\/revisions"}],"wp:featuredmedia":[{"embeddable":true,"href":"https:\/\/rierge.com\/ca\/wp-json\/wp\/v2\/media\/5688"}],"wp:attachment":[{"href":"https:\/\/rierge.com\/ca\/wp-json\/wp\/v2\/media?parent=5687"}],"wp:term":[{"taxonomy":"category","embeddable":true,"href":"https:\/\/rierge.com\/ca\/wp-json\/wp\/v2\/categories?post=5687"},{"taxonomy":"post_tag","embeddable":true,"href":"https:\/\/rierge.com\/ca\/wp-json\/wp\/v2\/tags?post=5687"}],"curies":[{"name":"wp","href":"https:\/\/api.w.org\/{rel}","templated":true}]}}