{"id":5371,"date":"2019-01-08T09:59:58","date_gmt":"2019-01-08T09:59:58","guid":{"rendered":"http:\/\/rierge.com\/es\/?p=5371"},"modified":"2019-03-18T16:25:37","modified_gmt":"2019-03-18T16:25:37","slug":"almacenistas-de-maderas","status":"publish","type":"post","link":"https:\/\/rierge.com\/ca\/2019\/01\/08\/almacenistas-de-maderas\/","title":{"rendered":"Emmagatzemistes de fusta"},"content":{"rendered":"<p><\/p>\n<p style=\"text-align: right;\"><span style=\"color: #999999;\">08\/01\/2019<\/span><\/p>\n<p style=\"text-align: justify;\">Els principals magatzems de fusta han confiat en Rierge per instal\u00b7lar centres de mecanitzat CNC en els seus departaments de tall de tauler, oferint un millor servei als seus clients, \u00e9s el cas de:<\/p>\n<ul style=\"text-align: justify;\">\n<li>Gabarro Hnos.<\/li>\n<li>Fustes Closa<\/li>\n<li>Fustes Montgros<\/li>\n<li>Fustes Vilanova<\/li>\n<\/ul>\n<p style=\"text-align: justify;\">En tots ells, s&#8217;ha dissenyat una m\u00e0quina molt completa per al mecanitzat de tot tipus de materials, elaboraci\u00f3 de motlles, treballs de Nesting&#8230; amb l&#8217;objectiu de poder oferir un servei personalitzat als seus clients.<\/p>\n<p style=\"text-align: justify;\">Avui no sols subministren fustes, sin\u00f3 que els nous materials es van integran tant a nivell industrial com particular. Aquest \u00e9s el cas de Solid Surface i tota l&#8217;\u00e0mplia gamma de taulers compactes i resines, materials per als que, amb els centres de mecanitzat CNC, tamb\u00e9 donem solucions d&#8217;acabats perfectes gr\u00e0cies a la robustesa de les m\u00e0quines i als components el\u00e8ctrics que incorporem, aix\u00ed com el fet de disposar d&#8217;un vertader Control num\u00e8ric industrial, i no una simple tarja de control d&#8217;eixos que incorporen altres marques, fins i tot les de renom internacional.<\/p>\n<p>&nbsp;<\/p>\n<p><\/p>","protected":false},"excerpt":{"rendered":"<p>08\/01\/2019 Els principals magatzems de fusta han confiat en Rierge per instal\u00b7lar centres de mecanitzat CNC en els seus departaments de tall de tauler, oferint un millor servei als seus clients, \u00e9s el cas de: Gabarro Hnos. Fustes Closa Fustes Montgros Fustes Vilanova En tots ells, s&#8217;ha dissenyat una m\u00e0quina molt completa per al mecanitzat [&hellip;]<\/p>\n","protected":false},"author":1,"featured_media":5372,"comment_status":"closed","ping_status":"closed","sticky":false,"template":"","format":"standard","meta":{"footnotes":""},"categories":[1],"tags":[],"class_list":["post-5371","post","type-post","status-publish","format-standard","has-post-thumbnail","hentry","category-sin-categoria"],"yoast_head":"<!-- This site is optimized with the Yoast SEO Premium plugin v18.4 (Yoast SEO v24.9) - https:\/\/yoast.com\/wordpress\/plugins\/seo\/ -->\n<title>Emmagatzemistes de fusta - RIERGE<\/title>\n<meta name=\"description\" content=\"08\/01\/2019 Los principales almacenes de madera han confiado en Rierge para instalar centros de mecanizado CNC en sus departamentos de corte de tablero,\" \/>\n<meta name=\"robots\" content=\"index, follow, max-snippet:-1, max-image-preview:large, max-video-preview:-1\" \/>\n<link rel=\"canonical\" href=\"https:\/\/rierge.com\/fr\/2019\/01\/08\/espanol-almacenistas-de-maderas\/\" \/>\n<meta property=\"og:locale\" content=\"ca_ES\" \/>\n<meta property=\"og:type\" content=\"article\" \/>\n<meta property=\"og:title\" content=\"[:es]Almacenistas de maderas[:ca]Emmagatzemistes de fusta[:en]Wooden storers[:]\" \/>\n<meta property=\"og:description\" content=\"08\/01\/2019 Los principales almacenes de madera han confiado en Rierge para instalar centros de mecanizado CNC en sus departamentos de corte de tablero,\" \/>\n<meta property=\"og:url\" content=\"https:\/\/rierge.com\/fr\/2019\/01\/08\/espanol-almacenistas-de-maderas\/\" \/>\n<meta property=\"og:site_name\" content=\"RIERGE\" \/>\n<meta property=\"article:published_time\" content=\"2019-01-08T09:59:58+00:00\" \/>\n<meta property=\"article:modified_time\" content=\"2019-03-18T16:25:37+00:00\" \/>\n<meta property=\"og:image\" content=\"https:\/\/rierge.com\/wp-content\/uploads\/2019\/01\/RIERGE_Fustes_Montgros_4.jpg\" \/>\n\t<meta property=\"og:image:width\" content=\"1300\" \/>\n\t<meta property=\"og:image:height\" content=\"731\" \/>\n\t<meta property=\"og:image:type\" content=\"image\/jpeg\" \/>\n<meta name=\"author\" content=\"admin\" \/>\n<meta name=\"twitter:card\" content=\"summary_large_image\" \/>\n<meta name=\"twitter:label1\" content=\"Escrit per\" \/>\n\t<meta name=\"twitter:data1\" content=\"admin\" \/>\n\t<meta name=\"twitter:label2\" content=\"Temps estimat de lectura\" \/>\n\t<meta name=\"twitter:data2\" content=\"3 minuts\" \/>\n<script type=\"application\/ld+json\" class=\"yoast-schema-graph\">{\"@context\":\"https:\/\/schema.org\",\"@graph\":[{\"@type\":\"Article\",\"@id\":\"https:\/\/rierge.com\/fr\/2019\/01\/08\/espanol-almacenistas-de-maderas\/#article\",\"isPartOf\":{\"@id\":\"https:\/\/rierge.com\/fr\/2019\/01\/08\/espanol-almacenistas-de-maderas\/\"},\"author\":{\"name\":\"admin\",\"@id\":\"https:\/\/rierge.com\/en\/#\/schema\/person\/a700fc52e66409a731fa608758a0a708\"},\"headline\":\"Emmagatzemistes de fusta\",\"datePublished\":\"2019-01-08T09:59:58+00:00\",\"dateModified\":\"2019-03-18T16:25:37+00:00\",\"mainEntityOfPage\":{\"@id\":\"https:\/\/rierge.com\/fr\/2019\/01\/08\/espanol-almacenistas-de-maderas\/\"},\"wordCount\":524,\"publisher\":{\"@id\":\"https:\/\/rierge.com\/en\/#organization\"},\"image\":{\"@id\":\"https:\/\/rierge.com\/fr\/2019\/01\/08\/espanol-almacenistas-de-maderas\/#primaryimage\"},\"thumbnailUrl\":\"https:\/\/rierge.com\/wp-content\/uploads\/2019\/01\/RIERGE_Fustes_Montgros_4.jpg\",\"articleSection\":[\"Sin categor\u00eda\"],\"inLanguage\":\"ca\"},{\"@type\":\"WebPage\",\"@id\":\"https:\/\/rierge.com\/fr\/2019\/01\/08\/espanol-almacenistas-de-maderas\/\",\"url\":\"https:\/\/rierge.com\/fr\/2019\/01\/08\/espanol-almacenistas-de-maderas\/\",\"name\":\"[:es]Almacenistas de maderas[:ca]Emmagatzemistes de fusta[:en]Wooden storers[:] - RIERGE\",\"isPartOf\":{\"@id\":\"https:\/\/rierge.com\/en\/#website\"},\"primaryImageOfPage\":{\"@id\":\"https:\/\/rierge.com\/fr\/2019\/01\/08\/espanol-almacenistas-de-maderas\/#primaryimage\"},\"image\":{\"@id\":\"https:\/\/rierge.com\/fr\/2019\/01\/08\/espanol-almacenistas-de-maderas\/#primaryimage\"},\"thumbnailUrl\":\"https:\/\/rierge.com\/wp-content\/uploads\/2019\/01\/RIERGE_Fustes_Montgros_4.jpg\",\"datePublished\":\"2019-01-08T09:59:58+00:00\",\"dateModified\":\"2019-03-18T16:25:37+00:00\",\"description\":\"08\/01\/2019 Los principales almacenes de madera han confiado en Rierge para instalar centros de mecanizado CNC en sus departamentos de corte de tablero,\",\"breadcrumb\":{\"@id\":\"https:\/\/rierge.com\/fr\/2019\/01\/08\/espanol-almacenistas-de-maderas\/#breadcrumb\"},\"inLanguage\":\"ca\",\"potentialAction\":[{\"@type\":\"ReadAction\",\"target\":[\"https:\/\/rierge.com\/fr\/2019\/01\/08\/espanol-almacenistas-de-maderas\/\"]}]},{\"@type\":\"ImageObject\",\"inLanguage\":\"ca\",\"@id\":\"https:\/\/rierge.com\/fr\/2019\/01\/08\/espanol-almacenistas-de-maderas\/#primaryimage\",\"url\":\"https:\/\/rierge.com\/wp-content\/uploads\/2019\/01\/RIERGE_Fustes_Montgros_4.jpg\",\"contentUrl\":\"https:\/\/rierge.com\/wp-content\/uploads\/2019\/01\/RIERGE_Fustes_Montgros_4.jpg\",\"width\":1300,\"height\":731},{\"@type\":\"BreadcrumbList\",\"@id\":\"https:\/\/rierge.com\/fr\/2019\/01\/08\/espanol-almacenistas-de-maderas\/#breadcrumb\",\"itemListElement\":[{\"@type\":\"ListItem\",\"position\":1,\"name\":\"Home\",\"item\":\"https:\/\/rierge.com\/\"},{\"@type\":\"ListItem\",\"position\":2,\"name\":\"(Espa\u00f1ol) Almacenistas de maderas\"}]},{\"@type\":\"WebSite\",\"@id\":\"https:\/\/rierge.com\/en\/#website\",\"url\":\"https:\/\/rierge.com\/en\/\",\"name\":\"RIERGE\",\"description\":\"\",\"publisher\":{\"@id\":\"https:\/\/rierge.com\/en\/#organization\"},\"potentialAction\":[{\"@type\":\"SearchAction\",\"target\":{\"@type\":\"EntryPoint\",\"urlTemplate\":\"https:\/\/rierge.com\/en\/?s={search_term_string}\"},\"query-input\":{\"@type\":\"PropertyValueSpecification\",\"valueRequired\":true,\"valueName\":\"search_term_string\"}}],\"inLanguage\":\"ca\"},{\"@type\":\"Organization\",\"@id\":\"https:\/\/rierge.com\/en\/#organization\",\"name\":\"Rierge\",\"url\":\"https:\/\/rierge.com\/en\/\",\"logo\":{\"@type\":\"ImageObject\",\"inLanguage\":\"ca\",\"@id\":\"https:\/\/rierge.com\/en\/#\/schema\/logo\/image\/\",\"url\":\"https:\/\/rierge.com\/wp-content\/uploads\/2017\/06\/logo-rierge-desde-1954.jpg\",\"contentUrl\":\"https:\/\/rierge.com\/wp-content\/uploads\/2017\/06\/logo-rierge-desde-1954.jpg\",\"width\":180,\"height\":50,\"caption\":\"Rierge\"},\"image\":{\"@id\":\"https:\/\/rierge.com\/en\/#\/schema\/logo\/image\/\"}},{\"@type\":\"Person\",\"@id\":\"https:\/\/rierge.com\/en\/#\/schema\/person\/a700fc52e66409a731fa608758a0a708\",\"name\":\"admin\",\"image\":{\"@type\":\"ImageObject\",\"inLanguage\":\"ca\",\"@id\":\"https:\/\/rierge.com\/en\/#\/schema\/person\/image\/\",\"url\":\"https:\/\/secure.gravatar.com\/avatar\/ae6430de1af9824c021c1ada823187a8?s=96&d=mm&r=g\",\"contentUrl\":\"https:\/\/secure.gravatar.com\/avatar\/ae6430de1af9824c021c1ada823187a8?s=96&d=mm&r=g\",\"caption\":\"admin\"},\"url\":\"https:\/\/rierge.com\/ca\/author\/admin\/\"}]}<\/script>\n<!-- \/ Yoast SEO Premium plugin. -->","yoast_head_json":{"title":"[:es]Almacenistas de maderas[:ca]Emmagatzemistes de fusta[:en]Wooden storers[:] - RIERGE","description":"08\/01\/2019 Los principales almacenes de madera han confiado en Rierge para instalar centros de mecanizado CNC en sus departamentos de corte de tablero,","robots":{"index":"index","follow":"follow","max-snippet":"max-snippet:-1","max-image-preview":"max-image-preview:large","max-video-preview":"max-video-preview:-1"},"canonical":"https:\/\/rierge.com\/fr\/2019\/01\/08\/espanol-almacenistas-de-maderas\/","og_locale":"ca_ES","og_type":"article","og_title":"[:es]Almacenistas de maderas[:ca]Emmagatzemistes de fusta[:en]Wooden storers[:]","og_description":"08\/01\/2019 Los principales almacenes de madera han confiado en Rierge para instalar centros de mecanizado CNC en sus departamentos de corte de tablero,","og_url":"https:\/\/rierge.com\/fr\/2019\/01\/08\/espanol-almacenistas-de-maderas\/","og_site_name":"RIERGE","article_published_time":"2019-01-08T09:59:58+00:00","article_modified_time":"2019-03-18T16:25:37+00:00","og_image":[{"width":1300,"height":731,"url":"https:\/\/rierge.com\/wp-content\/uploads\/2019\/01\/RIERGE_Fustes_Montgros_4.jpg","type":"image\/jpeg"}],"author":"admin","twitter_card":"summary_large_image","twitter_misc":{"Escrit per":"admin","Temps estimat de lectura":"3 minuts"},"schema":{"@context":"https:\/\/schema.org","@graph":[{"@type":"Article","@id":"https:\/\/rierge.com\/fr\/2019\/01\/08\/espanol-almacenistas-de-maderas\/#article","isPartOf":{"@id":"https:\/\/rierge.com\/fr\/2019\/01\/08\/espanol-almacenistas-de-maderas\/"},"author":{"name":"admin","@id":"https:\/\/rierge.com\/en\/#\/schema\/person\/a700fc52e66409a731fa608758a0a708"},"headline":"Emmagatzemistes de fusta","datePublished":"2019-01-08T09:59:58+00:00","dateModified":"2019-03-18T16:25:37+00:00","mainEntityOfPage":{"@id":"https:\/\/rierge.com\/fr\/2019\/01\/08\/espanol-almacenistas-de-maderas\/"},"wordCount":524,"publisher":{"@id":"https:\/\/rierge.com\/en\/#organization"},"image":{"@id":"https:\/\/rierge.com\/fr\/2019\/01\/08\/espanol-almacenistas-de-maderas\/#primaryimage"},"thumbnailUrl":"https:\/\/rierge.com\/wp-content\/uploads\/2019\/01\/RIERGE_Fustes_Montgros_4.jpg","articleSection":["Sin categor\u00eda"],"inLanguage":"ca"},{"@type":"WebPage","@id":"https:\/\/rierge.com\/fr\/2019\/01\/08\/espanol-almacenistas-de-maderas\/","url":"https:\/\/rierge.com\/fr\/2019\/01\/08\/espanol-almacenistas-de-maderas\/","name":"[:es]Almacenistas de maderas[:ca]Emmagatzemistes de fusta[:en]Wooden storers[:] - RIERGE","isPartOf":{"@id":"https:\/\/rierge.com\/en\/#website"},"primaryImageOfPage":{"@id":"https:\/\/rierge.com\/fr\/2019\/01\/08\/espanol-almacenistas-de-maderas\/#primaryimage"},"image":{"@id":"https:\/\/rierge.com\/fr\/2019\/01\/08\/espanol-almacenistas-de-maderas\/#primaryimage"},"thumbnailUrl":"https:\/\/rierge.com\/wp-content\/uploads\/2019\/01\/RIERGE_Fustes_Montgros_4.jpg","datePublished":"2019-01-08T09:59:58+00:00","dateModified":"2019-03-18T16:25:37+00:00","description":"08\/01\/2019 Los principales almacenes de madera han confiado en Rierge para instalar centros de mecanizado CNC en sus departamentos de corte de tablero,","breadcrumb":{"@id":"https:\/\/rierge.com\/fr\/2019\/01\/08\/espanol-almacenistas-de-maderas\/#breadcrumb"},"inLanguage":"ca","potentialAction":[{"@type":"ReadAction","target":["https:\/\/rierge.com\/fr\/2019\/01\/08\/espanol-almacenistas-de-maderas\/"]}]},{"@type":"ImageObject","inLanguage":"ca","@id":"https:\/\/rierge.com\/fr\/2019\/01\/08\/espanol-almacenistas-de-maderas\/#primaryimage","url":"https:\/\/rierge.com\/wp-content\/uploads\/2019\/01\/RIERGE_Fustes_Montgros_4.jpg","contentUrl":"https:\/\/rierge.com\/wp-content\/uploads\/2019\/01\/RIERGE_Fustes_Montgros_4.jpg","width":1300,"height":731},{"@type":"BreadcrumbList","@id":"https:\/\/rierge.com\/fr\/2019\/01\/08\/espanol-almacenistas-de-maderas\/#breadcrumb","itemListElement":[{"@type":"ListItem","position":1,"name":"Home","item":"https:\/\/rierge.com\/"},{"@type":"ListItem","position":2,"name":"(Espa\u00f1ol) Almacenistas de maderas"}]},{"@type":"WebSite","@id":"https:\/\/rierge.com\/en\/#website","url":"https:\/\/rierge.com\/en\/","name":"RIERGE","description":"","publisher":{"@id":"https:\/\/rierge.com\/en\/#organization"},"potentialAction":[{"@type":"SearchAction","target":{"@type":"EntryPoint","urlTemplate":"https:\/\/rierge.com\/en\/?s={search_term_string}"},"query-input":{"@type":"PropertyValueSpecification","valueRequired":true,"valueName":"search_term_string"}}],"inLanguage":"ca"},{"@type":"Organization","@id":"https:\/\/rierge.com\/en\/#organization","name":"Rierge","url":"https:\/\/rierge.com\/en\/","logo":{"@type":"ImageObject","inLanguage":"ca","@id":"https:\/\/rierge.com\/en\/#\/schema\/logo\/image\/","url":"https:\/\/rierge.com\/wp-content\/uploads\/2017\/06\/logo-rierge-desde-1954.jpg","contentUrl":"https:\/\/rierge.com\/wp-content\/uploads\/2017\/06\/logo-rierge-desde-1954.jpg","width":180,"height":50,"caption":"Rierge"},"image":{"@id":"https:\/\/rierge.com\/en\/#\/schema\/logo\/image\/"}},{"@type":"Person","@id":"https:\/\/rierge.com\/en\/#\/schema\/person\/a700fc52e66409a731fa608758a0a708","name":"admin","image":{"@type":"ImageObject","inLanguage":"ca","@id":"https:\/\/rierge.com\/en\/#\/schema\/person\/image\/","url":"https:\/\/secure.gravatar.com\/avatar\/ae6430de1af9824c021c1ada823187a8?s=96&d=mm&r=g","contentUrl":"https:\/\/secure.gravatar.com\/avatar\/ae6430de1af9824c021c1ada823187a8?s=96&d=mm&r=g","caption":"admin"},"url":"https:\/\/rierge.com\/ca\/author\/admin\/"}]}},"_links":{"self":[{"href":"https:\/\/rierge.com\/ca\/wp-json\/wp\/v2\/posts\/5371","targetHints":{"allow":["GET"]}}],"collection":[{"href":"https:\/\/rierge.com\/ca\/wp-json\/wp\/v2\/posts"}],"about":[{"href":"https:\/\/rierge.com\/ca\/wp-json\/wp\/v2\/types\/post"}],"author":[{"embeddable":true,"href":"https:\/\/rierge.com\/ca\/wp-json\/wp\/v2\/users\/1"}],"replies":[{"embeddable":true,"href":"https:\/\/rierge.com\/ca\/wp-json\/wp\/v2\/comments?post=5371"}],"version-history":[{"count":0,"href":"https:\/\/rierge.com\/ca\/wp-json\/wp\/v2\/posts\/5371\/revisions"}],"wp:featuredmedia":[{"embeddable":true,"href":"https:\/\/rierge.com\/ca\/wp-json\/wp\/v2\/media\/5372"}],"wp:attachment":[{"href":"https:\/\/rierge.com\/ca\/wp-json\/wp\/v2\/media?parent=5371"}],"wp:term":[{"taxonomy":"category","embeddable":true,"href":"https:\/\/rierge.com\/ca\/wp-json\/wp\/v2\/categories?post=5371"},{"taxonomy":"post_tag","embeddable":true,"href":"https:\/\/rierge.com\/ca\/wp-json\/wp\/v2\/tags?post=5371"}],"curies":[{"name":"wp","href":"https:\/\/api.w.org\/{rel}","templated":true}]}}